{"id":7897,"date":"2024-05-28T09:48:18","date_gmt":"2024-05-28T07:48:18","guid":{"rendered":"https:\/\/contratacion.almunecar.es\/?p=7897"},"modified":"2024-07-03T13:04:34","modified_gmt":"2024-07-03T11:04:34","slug":"expediente-30b-2024-gest-2223-2024-concesion-administrativa-demanial-uso-privativo-para-la-explotacion-mediante-actividades-de-hosteleria-y-restauracion-del-local-numero-4-soho-sito-en-los-bajo","status":"publish","type":"post","link":"https:\/\/contratacion.almunecar.es\/?p=7897","title":{"rendered":"Expediente 30B\/2024 (Gest 2223\/2024). Concesi\u00f3n Administrativa Demanial (uso privativo) para la explotaci\u00f3n mediante actividades de hosteler\u00eda y restauraci\u00f3n del Local n\u00famero 4 (Soho) sito en los Bajos del Paseo del Altillo de Almu\u00f1\u00e9car."},"content":{"rendered":"<p>28\/05\/2024 <a href=\"https:\/\/contratacion.almunecar.es\/wp-content\/uploads\/2024\/05\/ESTUDIO-DE-VALORACION-CONCESION-LOCAL-SOHO.pdf\">ESTUDIO DE VALORACION CONCESION LOCAL SOHO<\/a><\/p>\n<p>28\/05\/2024 <a href=\"https:\/\/contratacion.almunecar.es\/wp-content\/uploads\/2024\/05\/INFORME-NECESIDAD-E-IDONEIDAD-CONCESION-DEMANIAL-LOCAL-4-BAJOS-DEL-ALTILLO.pdf\">INFORME NECESIDAD E IDONEIDAD CONCESION DEMANIAL LOCAL 4 BAJOS DEL ALTILLO<\/a><\/p>\n<p>28\/05\/2024 <a href=\"https:\/\/contratacion.almunecar.es\/wp-content\/uploads\/2024\/05\/PLIEGO-DE-CONDICIONES-JURIDICO-ECONOMICO-ADMINISTRATIVAS-Y-TECNICAS-SOHO.pdf\">PLIEGO DE CONDICIONES JURIDICO ECONOMICO ADMINISTRATIVAS Y TECNICAS SOHO<\/a><\/p>\n<p>28\/05\/2024 <a href=\"https:\/\/contratacion.almunecar.es\/wp-content\/uploads\/2024\/05\/RA-DECLARACION-DESIERTO-E-INICIO-EXPTE-CONCESION-LOCAL-4-ALTILLO-SOHO.pdf\">RA DECLARACION DESIERTO E INICIO EXPTE CONCESION LOCAL 4 ALTILLO &#8211; SOHO<\/a><\/p>\n<p>28\/05\/2024 <a href=\"https:\/\/contratacion.almunecar.es\/wp-content\/uploads\/2024\/05\/PLACSP-ANUNCIO-LICITACION-CONCESION-LOCAL-4-ALTILLO-SOHO.pdf\">PLACSP &#8211; ANUNCIO LICITACI\u00d3N CONCESI\u00d3N LOCAL 4 ALTILLO &#8211; SOHO<\/a><\/p>\n<p>28\/05\/2024 <a href=\"https:\/\/contratacion.almunecar.es\/wp-content\/uploads\/2024\/05\/PLACSP-DOCUMENTO-PLIEGOS-CONCESION-LOCAL-4-ALTILLO-SOHO.pdf\">PLACSP &#8211; DOCUMENTO PLIEGOS CONCESI\u00d3N LOCAL 4 ALTILLO &#8211; SOHO<\/a><\/p>\n<p>Para m\u00e1s informaci\u00f3n y presentaci\u00f3n de ofertas: <a href=\"https:\/\/contrataciondelestado.es\/wps\/poc?uri=deeplink%3Adetalle_licitacion&amp;idEvl=xMfLEHc1Y4F4zIRvjBVCSw%3D%3D\">click aqu\u00ed<\/a><\/p>\n<p>Las ofertas podr\u00e1n presentarse hasta el d\u00eda 13\/06\/2024, a las 11:00 horas.<\/p>\n<p>17\/06\/2024 <a href=\"https:\/\/contratacion.almunecar.es\/wp-content\/uploads\/2024\/05\/CITACION-MESA-DE-CONTRATACION-2024-06-20.pdf\">CITACION MESA DE CONTRATACION 2024-06-20<\/a><\/p>\n<p>03\/07\/2024 <a href=\"https:\/\/contratacion.almunecar.es\/wp-content\/uploads\/2024\/05\/ACTA-MESA-DE-CONTRATACION-2024-06-20.pdf\">ACTA MESA DE CONTRATACION 2024-06-20<\/a><\/p>\n<p>&nbsp;<\/p>\n","protected":false},"excerpt":{"rendered":"<p>28\/05\/2024 ESTUDIO DE VALORACION CONCESION LOCAL SOHO 28\/05\/2024 INFORME NECESIDAD E IDONEIDAD CONCESION DEMANIAL LOCAL 4 BAJOS DEL ALTILLO 28\/05\/2024 PLIEGO DE CONDICIONES JURIDICO ECONOMICO ADMINISTRATIVAS Y TECNICAS SOHO 28\/05\/2024 RA DECLARACION DESIERTO E INICIO EXPTE CONCESION LOCAL 4 ALTILLO &#8211; SOHO 28\/05\/2024 PLACSP &#8211; ANUNCIO LICITACI\u00d3N CONCESI\u00d3N LOCAL 4 ALTILLO &#8211; SOHO 28\/05\/2024 PLACSP&hellip; <br \/> <a class=\"button small blue\" href=\"https:\/\/contratacion.almunecar.es\/?p=7897\">Leer m\u00e1s<\/a><\/p>\n","protected":false},"author":5,"featured_media":0,"comment_status":"closed","ping_status":"closed","sticky":false,"template":"","format":"standard","meta":{"_acf_changed":false,"footnotes":""},"categories":[3,4],"tags":[],"class_list":["post-7897","post","type-post","status-publish","format-standard","hentry","category-anuncio","category-licitacion"],"acf":[],"_links":{"self":[{"href":"https:\/\/contratacion.almunecar.es\/index.php?rest_route=\/wp\/v2\/posts\/7897","targetHints":{"allow":["GET"]}}],"collection":[{"href":"https:\/\/contratacion.almunecar.es\/index.php?rest_route=\/wp\/v2\/posts"}],"about":[{"href":"https:\/\/contratacion.almunecar.es\/index.php?rest_route=\/wp\/v2\/types\/post"}],"author":[{"embeddable":true,"href":"https:\/\/contratacion.almunecar.es\/index.php?rest_route=\/wp\/v2\/users\/5"}],"replies":[{"embeddable":true,"href":"https:\/\/contratacion.almunecar.es\/index.php?rest_route=%2Fwp%2Fv2%2Fcomments&post=7897"}],"version-history":[{"count":3,"href":"https:\/\/contratacion.almunecar.es\/index.php?rest_route=\/wp\/v2\/posts\/7897\/revisions"}],"predecessor-version":[{"id":8080,"href":"https:\/\/contratacion.almunecar.es\/index.php?rest_route=\/wp\/v2\/posts\/7897\/revisions\/8080"}],"wp:attachment":[{"href":"https:\/\/contratacion.almunecar.es\/index.php?rest_route=%2Fwp%2Fv2%2Fmedia&parent=7897"}],"wp:term":[{"taxonomy":"category","embeddable":true,"href":"https:\/\/contratacion.almunecar.es\/index.php?rest_route=%2Fwp%2Fv2%2Fcategories&post=7897"},{"taxonomy":"post_tag","embeddable":true,"href":"https:\/\/contratacion.almunecar.es\/index.php?rest_route=%2Fwp%2Fv2%2Ftags&post=7897"}],"curies":[{"name":"wp","href":"https:\/\/api.w.org\/{rel}","templated":true}]}}