{"id":7855,"date":"2024-05-20T13:25:56","date_gmt":"2024-05-20T11:25:56","guid":{"rendered":"https:\/\/contratacion.almunecar.es\/?p=7855"},"modified":"2024-05-20T13:25:56","modified_gmt":"2024-05-20T11:25:56","slug":"expte-60-2024-gest-4503-2024-contrato-menor-de-servicios-trabajos-de-deratizacion-desinfeccion-y-desinsectacion-ddd-en-el-municipio-de-almunecar","status":"publish","type":"post","link":"https:\/\/contratacion.almunecar.es\/?p=7855","title":{"rendered":"EXPTE 60\/2024. GEST.4503\/2024.CONTRATO  MENOR DE SERVICIOS TRABAJOS DE DERATIZACI\u00d3N, DESINFECCI\u00d3N Y DESINSECTACI\u00d3N (DDD) EN EL MUNICIPIO DE ALMU\u00d1ECAR"},"content":{"rendered":"<p>20\/05\/2024.\u00a0 INFORME DE NECESIDAD Y PROPUESTA DE GASTO.<a href=\"https:\/\/contratacion.almunecar.es\/wp-content\/uploads\/2024\/05\/INFORME-NECESIDAD-TRABAJOS-DDD.pdf\">INFORME NECESIDAD TRABAJOS DDD Y <\/a><a href=\"https:\/\/contratacion.almunecar.es\/wp-content\/uploads\/2024\/05\/PROPUESTA-DE-GASTO.pdf\">PROPUESTA DE GASTO.<\/a><\/p>\n<p>20\/05\/2024.\u00a0 DECLARACI\u00d3N RESPONSABLE DE PERSONAS F\u00cdSICAS. <a href=\"https:\/\/contratacion.almunecar.es\/wp-content\/uploads\/2024\/05\/DECLARACION-RESPONSABLE-DE-PERSONAS-FISICAS.pdf\">DECLARACI\u00d3N RESPONSABLE DE PERSONAS F\u00cdSICAS.<\/a><\/p>\n<p>20\/05\/2024. DECLARACI\u00d3N RESPONSABLE DE PERSONAS JUR\u00cdDICAS. <a href=\"https:\/\/contratacion.almunecar.es\/wp-content\/uploads\/2024\/05\/DECLARACION-RESPONSABLE-DE-PERSONAS-JURIDICAS.pdf\">DECLARACI\u00d3N RESPONSABLE DE PERSONAS JUR\u00cdDICAS<\/a>.<\/p>\n<p>* PARA LA PRESENTACI\u00d3N DE OFERTAS ES NECESARIO PRESENTAR PRESUPUESTOS Y LA DECLARACI\u00d3N RESPONSABLE (PERSONA F\u00cdSICA O JUR\u00cdDICA), A TRAV\u00c9S DE LA SEDE ELECTR\u00d3NICA DEL AYUNTAMIENTO DE ALMU\u00d1ECAR.<\/p>\n","protected":false},"excerpt":{"rendered":"<p>20\/05\/2024.\u00a0 INFORME DE NECESIDAD Y PROPUESTA DE GASTO.INFORME NECESIDAD TRABAJOS DDD Y PROPUESTA DE GASTO. 20\/05\/2024.\u00a0 DECLARACI\u00d3N RESPONSABLE DE PERSONAS F\u00cdSICAS. DECLARACI\u00d3N RESPONSABLE DE PERSONAS F\u00cdSICAS. 20\/05\/2024. DECLARACI\u00d3N RESPONSABLE DE PERSONAS JUR\u00cdDICAS. DECLARACI\u00d3N RESPONSABLE DE PERSONAS JUR\u00cdDICAS. * PARA LA PRESENTACI\u00d3N DE OFERTAS ES NECESARIO PRESENTAR PRESUPUESTOS Y LA DECLARACI\u00d3N RESPONSABLE (PERSONA F\u00cdSICA O JUR\u00cdDICA),&hellip; <br \/> <a class=\"button small blue\" href=\"https:\/\/contratacion.almunecar.es\/?p=7855\">Leer m\u00e1s<\/a><\/p>\n","protected":false},"author":5,"featured_media":0,"comment_status":"closed","ping_status":"closed","sticky":false,"template":"","format":"standard","meta":{"_acf_changed":false,"footnotes":""},"categories":[3,10],"tags":[],"class_list":["post-7855","post","type-post","status-publish","format-standard","hentry","category-anuncio","category-menores"],"acf":[],"_links":{"self":[{"href":"https:\/\/contratacion.almunecar.es\/index.php?rest_route=\/wp\/v2\/posts\/7855","targetHints":{"allow":["GET"]}}],"collection":[{"href":"https:\/\/contratacion.almunecar.es\/index.php?rest_route=\/wp\/v2\/posts"}],"about":[{"href":"https:\/\/contratacion.almunecar.es\/index.php?rest_route=\/wp\/v2\/types\/post"}],"author":[{"embeddable":true,"href":"https:\/\/contratacion.almunecar.es\/index.php?rest_route=\/wp\/v2\/users\/5"}],"replies":[{"embeddable":true,"href":"https:\/\/contratacion.almunecar.es\/index.php?rest_route=%2Fwp%2Fv2%2Fcomments&post=7855"}],"version-history":[{"count":1,"href":"https:\/\/contratacion.almunecar.es\/index.php?rest_route=\/wp\/v2\/posts\/7855\/revisions"}],"predecessor-version":[{"id":7860,"href":"https:\/\/contratacion.almunecar.es\/index.php?rest_route=\/wp\/v2\/posts\/7855\/revisions\/7860"}],"wp:attachment":[{"href":"https:\/\/contratacion.almunecar.es\/index.php?rest_route=%2Fwp%2Fv2%2Fmedia&parent=7855"}],"wp:term":[{"taxonomy":"category","embeddable":true,"href":"https:\/\/contratacion.almunecar.es\/index.php?rest_route=%2Fwp%2Fv2%2Fcategories&post=7855"},{"taxonomy":"post_tag","embeddable":true,"href":"https:\/\/contratacion.almunecar.es\/index.php?rest_route=%2Fwp%2Fv2%2Ftags&post=7855"}],"curies":[{"name":"wp","href":"https:\/\/api.w.org\/{rel}","templated":true}]}}