{"id":7805,"date":"2024-05-13T11:26:31","date_gmt":"2024-05-13T09:26:31","guid":{"rendered":"https:\/\/contratacion.almunecar.es\/?p=7805"},"modified":"2024-05-13T11:26:31","modified_gmt":"2024-05-13T09:26:31","slug":"expediente-55-2024-gestiona-4324-2024-plan-local-de-emergencias-ante-el-riesgo-de-maremotos","status":"publish","type":"post","link":"https:\/\/contratacion.almunecar.es\/?p=7805","title":{"rendered":"Expediente 55\/2024 (Gestiona 4324\/2024). Plan local de emergencias ante el riesgo de maremotos."},"content":{"rendered":"<p>13\/05\/2024 <a href=\"https:\/\/contratacion.almunecar.es\/wp-content\/uploads\/2024\/05\/Informe-de-necesidad-elaboracion-Plan-de-Emergencia-Local-ante-el-riesgo-de-Maremoto.pdf\">Informe de necesidad elaboraci\u00f3n Plan de Emergencia Local ante el riesgo de Maremoto<\/a><\/p>\n<p>13\/05\/2024 <a href=\"https:\/\/contratacion.almunecar.es\/wp-content\/uploads\/2024\/05\/DECLARACION-RESPONSABLE-COMPLEMENTARIA-PARA-PERSONAS-FISICAS.docx\">DECLARACION RESPONSABLE COMPLEMENTARIA PARA PERSONAS FISICAS<\/a><\/p>\n<p>13\/05\/2024 <a href=\"https:\/\/contratacion.almunecar.es\/wp-content\/uploads\/2024\/05\/DECLARACION-RESPONSABLE-COMPLEMENTARIA-PARA-PERSONAS-JURIDICAS.docx\">DECLARACION RESPONSABLE COMPLEMENTARIA PARA PERSONAS JURIDICAS<\/a><\/p>\n<p>Para la presentaci\u00f3n de ofertas es necesario presentar presupuestos y la declaraci\u00f3n responsable (persona f\u00edsica o jur\u00eddica), a trav\u00e9s de la sede electr\u00f3nica del Ayuntamiento de Almu\u00f1\u00e9car.<\/p>\n","protected":false},"excerpt":{"rendered":"<p>13\/05\/2024 Informe de necesidad elaboraci\u00f3n Plan de Emergencia Local ante el riesgo de Maremoto 13\/05\/2024 DECLARACION RESPONSABLE COMPLEMENTARIA PARA PERSONAS FISICAS 13\/05\/2024 DECLARACION RESPONSABLE COMPLEMENTARIA PARA PERSONAS JURIDICAS Para la presentaci\u00f3n de ofertas es necesario presentar presupuestos y la declaraci\u00f3n responsable (persona f\u00edsica o jur\u00eddica), a trav\u00e9s de la sede electr\u00f3nica del Ayuntamiento de Almu\u00f1\u00e9car.<\/p>\n","protected":false},"author":5,"featured_media":0,"comment_status":"closed","ping_status":"closed","sticky":false,"template":"","format":"standard","meta":{"_acf_changed":false,"footnotes":""},"categories":[10],"tags":[],"class_list":["post-7805","post","type-post","status-publish","format-standard","hentry","category-menores"],"acf":[],"_links":{"self":[{"href":"https:\/\/contratacion.almunecar.es\/index.php?rest_route=\/wp\/v2\/posts\/7805","targetHints":{"allow":["GET"]}}],"collection":[{"href":"https:\/\/contratacion.almunecar.es\/index.php?rest_route=\/wp\/v2\/posts"}],"about":[{"href":"https:\/\/contratacion.almunecar.es\/index.php?rest_route=\/wp\/v2\/types\/post"}],"author":[{"embeddable":true,"href":"https:\/\/contratacion.almunecar.es\/index.php?rest_route=\/wp\/v2\/users\/5"}],"replies":[{"embeddable":true,"href":"https:\/\/contratacion.almunecar.es\/index.php?rest_route=%2Fwp%2Fv2%2Fcomments&post=7805"}],"version-history":[{"count":1,"href":"https:\/\/contratacion.almunecar.es\/index.php?rest_route=\/wp\/v2\/posts\/7805\/revisions"}],"predecessor-version":[{"id":7809,"href":"https:\/\/contratacion.almunecar.es\/index.php?rest_route=\/wp\/v2\/posts\/7805\/revisions\/7809"}],"wp:attachment":[{"href":"https:\/\/contratacion.almunecar.es\/index.php?rest_route=%2Fwp%2Fv2%2Fmedia&parent=7805"}],"wp:term":[{"taxonomy":"category","embeddable":true,"href":"https:\/\/contratacion.almunecar.es\/index.php?rest_route=%2Fwp%2Fv2%2Fcategories&post=7805"},{"taxonomy":"post_tag","embeddable":true,"href":"https:\/\/contratacion.almunecar.es\/index.php?rest_route=%2Fwp%2Fv2%2Ftags&post=7805"}],"curies":[{"name":"wp","href":"https:\/\/api.w.org\/{rel}","templated":true}]}}