{"id":7655,"date":"2024-04-19T13:29:34","date_gmt":"2024-04-19T11:29:34","guid":{"rendered":"https:\/\/contratacion.almunecar.es\/?p=7655"},"modified":"2024-06-07T08:17:45","modified_gmt":"2024-06-07T06:17:45","slug":"expediente-164-2023-gestiona-12121-2023-concesion-administrativa-demanial-uso-privativo-para-la-explotacion-mediante-actividades-de-hosteleria-y-restauracion-del-quiosco-situado-en-la-plaza-de-la","status":"publish","type":"post","link":"https:\/\/contratacion.almunecar.es\/?p=7655","title":{"rendered":"Expediente 164\/2023 (Gestiona 12121\/2023). Concesi\u00f3n Administrativa Demanial (uso privativo) para la explotaci\u00f3n mediante actividades de hosteler\u00eda y restauraci\u00f3n del quiosco situado en la Plaza de La Palma de Almu\u00f1\u00e9car (Granada)."},"content":{"rendered":"<p>19\/04\/2024 <a href=\"https:\/\/contratacion.almunecar.es\/wp-content\/uploads\/2024\/04\/INFORME-NECESIDAD-E-IDONEIDAD-CONCESION-DEMANIAL-QUIOSCO-PLAZA-LA-PALMA.pdf\">INFORME NECESIDAD E IDONEIDAD CONCESION DEMANIAL QUIOSCO PLAZA LA PALMA<\/a><\/p>\n<p>19\/04\/2024 <a href=\"https:\/\/contratacion.almunecar.es\/wp-content\/uploads\/2024\/04\/TASACION-KIOSCO-PLAZA-DE-LA-PALMA-ACTUALIZADO-CON-ASEOS-EXTERIORES.pdf\">TASACION KIOSCO PLAZA DE LA PALMA ACTUALIZADO CON ASEOS EXTERIORES<\/a><\/p>\n<p>19\/04\/2024 <a href=\"https:\/\/contratacion.almunecar.es\/wp-content\/uploads\/2024\/04\/PLIEGO-DE-CONDICIONES-JURIDICO-ECONOMICO-ADMINISTRATIVAS-Y-TECNICAS-QUIOSCO-PLAZA-PALMA.pdf\">PLIEGO DE CONDICIONES JURIDICO ECONOMICO ADMINISTRATIVAS Y TECNICAS QUIOSCO PLAZA PALMA<\/a><\/p>\n<p>19\/04\/2024 <a href=\"https:\/\/contratacion.almunecar.es\/wp-content\/uploads\/2024\/04\/RA-APROBACI\u00d3N-E-INICIO-DE-EXPTE.-CONCESI\u00d3N-DEMANIAL-QUIOSCO-PLAZA-LA-PALMA.pdf\">RA APROBACI\u00d3N E INICIO DE EXPTE. CONCESI\u00d3N DEMANIAL QUIOSCO PLAZA LA PALMA<\/a><\/p>\n<p>19\/04\/2024 <a href=\"https:\/\/contratacion.almunecar.es\/wp-content\/uploads\/2024\/04\/PLACSP-ANUNCIO-LICITACI\u00d3N-CONCESI\u00d3N-QUIOSCO-PLAZA-LA-PALMA.pdf\">PLACSP &#8211; ANUNCIO LICITACI\u00d3N CONCESI\u00d3N QUIOSCO PLAZA LA PALMA<\/a><\/p>\n<p>19\/04\/2024 <a href=\"https:\/\/contratacion.almunecar.es\/wp-content\/uploads\/2024\/04\/PLACSP-DOCUMENTO-PLIEGOS-CONCESI\u00d3N-QUIOSCO-PLAZA-LA-PALMA.pdf\">PLACSP &#8211; DOCUMENTO PLIEGOS CONCESI\u00d3N QUIOSCO PLAZA LA PALMA<\/a><\/p>\n<p>Para m\u00e1s informaci\u00f3n y presentaci\u00f3n de ofertas: <a href=\"https:\/\/contrataciondelestado.es\/wps\/poc?uri=deeplink:detalle_licitacion&amp;idEvl=1bEY4hDhtrq9Hd5zqvq9cg%3D%3D\">click aqu\u00ed<\/a><\/p>\n<p>Las ofertas podr\u00e1n presentarse hasta el d\u00eda 06\/05\/2024 a las 11:00 horas.<\/p>\n<p>08\/05\/2024 <a href=\"https:\/\/contratacion.almunecar.es\/wp-content\/uploads\/2024\/04\/CITACION-MESA-DE-CONTRATACION-2024-05-13.pdf\">CITACION MESA DE CONTRATACION 2024-05-13<\/a><\/p>\n<p>16\/05\/2024 <a href=\"https:\/\/contratacion.almunecar.es\/wp-content\/uploads\/2024\/04\/ACTA-MESA-DE-CONTRATACION-2024-05-13.pdf\">ACTA MESA DE CONTRATACION 2024-05-13<\/a><\/p>\n<p>16\/05\/2024\u00a0 <a href=\"https:\/\/contratacion.almunecar.es\/wp-content\/uploads\/2024\/04\/PLACSP-COMUNICACION-SUBSANACION-DEUC-CARMEN-JUSTO-SANCHEZ.pdf\">PLACSP &#8211; COMUNICACION SUBSANACION DEUC &#8211; CARMEN JUSTO SANCHEZ<\/a><\/p>\n<p>16\/05\/2024 <a href=\"https:\/\/contratacion.almunecar.es\/wp-content\/uploads\/2024\/04\/PLACSP-COMUNICACION-SUBSANACION-DEUC-OLIVER-ALMODOVAR-FRANCO.pdf\">PLACSP &#8211; COMUNICACION SUBSANACION DEUC &#8211; OLIVER ALMODOVAR FRANCO<\/a><\/p>\n<p>20\/05\/2024 <a href=\"https:\/\/contratacion.almunecar.es\/wp-content\/uploads\/2024\/04\/RA-REQUER-DOC-QUIOSCO-PLAZA-LA-PALMA-CARMEN-JUSTO-SANCHEZ.pdf\">RA REQUER DOC QUIOSCO PLAZA LA PALMA &#8211; CARMEN JUSTO SANCHEZ<\/a><\/p>\n<p>20\/05\/2024 <a href=\"https:\/\/contratacion.almunecar.es\/wp-content\/uploads\/2024\/04\/RA-REQUER-DOC-QUIOSCO-PLAZA-LA-PALMA-CARMEN-JUSTO-SANCHEZ-1.pdf\">RA REQUER DOC QUIOSCO PLAZA LA PALMA &#8211; CARMEN JUSTO SANCHEZ<\/a><\/p>\n<p>04\/06\/2024 <a href=\"https:\/\/contratacion.almunecar.es\/wp-content\/uploads\/2024\/04\/RA-ADJUDICACION-QUIOSCO-PLAZA-LA-PALMA-CARMEN-JUSTO-SANCHEZ.pdf\">RA ADJUDICACION QUIOSCO PLAZA LA PALMA &#8211; CARMEN JUSTO SANCHEZ<\/a><\/p>\n<p>04\/06\/2024 <a href=\"https:\/\/contratacion.almunecar.es\/wp-content\/uploads\/2024\/04\/PLACSP-ADJUDICACION-QUIOSCO-PLAZA-LA-PALMA-CARMEN-JUSTO.pdf\">PLACSP &#8211; ADJUDICACION QUIOSCO PLAZA LA PALMA &#8211; CARMEN JUSTO<\/a><\/p>\n<p>07\/06\/2024 <a href=\"https:\/\/contratacion.almunecar.es\/wp-content\/uploads\/2024\/04\/PLACSP-FORMALIZACION-CONTRATO-CONCESION-QUISCO-LA-PALMA.pdf\">PLACSP &#8211; FORMALIZACI\u00d3N CONTRATO CONCESI\u00d3N QUISCO LA PALMA<\/a><\/p>\n<p>&nbsp;<\/p>\n<p>&nbsp;<\/p>\n","protected":false},"excerpt":{"rendered":"<p>19\/04\/2024 INFORME NECESIDAD E IDONEIDAD CONCESION DEMANIAL QUIOSCO PLAZA LA PALMA 19\/04\/2024 TASACION KIOSCO PLAZA DE LA PALMA ACTUALIZADO CON ASEOS EXTERIORES 19\/04\/2024 PLIEGO DE CONDICIONES JURIDICO ECONOMICO ADMINISTRATIVAS Y TECNICAS QUIOSCO PLAZA PALMA 19\/04\/2024 RA APROBACI\u00d3N E INICIO DE EXPTE. CONCESI\u00d3N DEMANIAL QUIOSCO PLAZA LA PALMA 19\/04\/2024 PLACSP &#8211; ANUNCIO LICITACI\u00d3N CONCESI\u00d3N QUIOSCO PLAZA&hellip; <br \/> <a class=\"button small blue\" href=\"https:\/\/contratacion.almunecar.es\/?p=7655\">Leer m\u00e1s<\/a><\/p>\n","protected":false},"author":5,"featured_media":0,"comment_status":"closed","ping_status":"closed","sticky":false,"template":"","format":"standard","meta":{"_acf_changed":false,"footnotes":""},"categories":[5,3,7,12,4],"tags":[],"class_list":["post-7655","post","type-post","status-publish","format-standard","hentry","category-adjudicacion_final","category-anuncio","category-formalizacion","category-formalizacion-de-contrato","category-licitacion"],"acf":[],"_links":{"self":[{"href":"https:\/\/contratacion.almunecar.es\/index.php?rest_route=\/wp\/v2\/posts\/7655","targetHints":{"allow":["GET"]}}],"collection":[{"href":"https:\/\/contratacion.almunecar.es\/index.php?rest_route=\/wp\/v2\/posts"}],"about":[{"href":"https:\/\/contratacion.almunecar.es\/index.php?rest_route=\/wp\/v2\/types\/post"}],"author":[{"embeddable":true,"href":"https:\/\/contratacion.almunecar.es\/index.php?rest_route=\/wp\/v2\/users\/5"}],"replies":[{"embeddable":true,"href":"https:\/\/contratacion.almunecar.es\/index.php?rest_route=%2Fwp%2Fv2%2Fcomments&post=7655"}],"version-history":[{"count":9,"href":"https:\/\/contratacion.almunecar.es\/index.php?rest_route=\/wp\/v2\/posts\/7655\/revisions"}],"predecessor-version":[{"id":7963,"href":"https:\/\/contratacion.almunecar.es\/index.php?rest_route=\/wp\/v2\/posts\/7655\/revisions\/7963"}],"wp:attachment":[{"href":"https:\/\/contratacion.almunecar.es\/index.php?rest_route=%2Fwp%2Fv2%2Fmedia&parent=7655"}],"wp:term":[{"taxonomy":"category","embeddable":true,"href":"https:\/\/contratacion.almunecar.es\/index.php?rest_route=%2Fwp%2Fv2%2Fcategories&post=7655"},{"taxonomy":"post_tag","embeddable":true,"href":"https:\/\/contratacion.almunecar.es\/index.php?rest_route=%2Fwp%2Fv2%2Ftags&post=7655"}],"curies":[{"name":"wp","href":"https:\/\/api.w.org\/{rel}","templated":true}]}}