{"id":7621,"date":"2024-04-12T14:04:07","date_gmt":"2024-04-12T12:04:07","guid":{"rendered":"https:\/\/contratacion.almunecar.es\/?p=7621"},"modified":"2024-04-18T14:13:07","modified_gmt":"2024-04-18T12:13:07","slug":"expte-36-2024-gest-2454-2024-contrato-de-suministro-de-un-modulo-de-aseo-adaptado-para-la-playa-de-puerta-del-mar","status":"publish","type":"post","link":"https:\/\/contratacion.almunecar.es\/?p=7621","title":{"rendered":"EXPTE. 36\/2024. GEST. 2454\/2024. CONTRATO DE SUMINISTRO DE UN M\u00d3DULO DE ASEO ADAPTADO PARA LA PLAYA DE PUERTA DEL MAR"},"content":{"rendered":"<p><a href=\"https:\/\/contratacion.almunecar.es\/wp-content\/uploads\/2024\/04\/INFORME-NECESIDAD-SUMINISTRO-M\u00d3DULO-ADAPTADO-EN-PLAYA-PUERTA-DEL-MAR.pdf\">18\/04\/2024 INFORME NECESIDAD SUMINISTRO M\u00d3DULO ADAPTADO EN PLAYA PUERTA DEL MAR<\/a><\/p>\n<p>18\/04\/2024<a href=\"https:\/\/contratacion.almunecar.es\/wp-content\/uploads\/2024\/04\/PROPUESTA-DE-GASTO-1.pdf\">PROPUESTA DE GASTO<\/a><\/p>\n<p><a href=\"https:\/\/contratacion.almunecar.es\/wp-content\/uploads\/2024\/04\/ANEXO-II-DECLARACION-RESPONSABLE-COMPLEMENTARIA-PARA-PERSONAS-JURIDICAS4.docx\">18\/04\/2024\u00a0 DECLARACION RESPONSABLE COMPLEMENTARIA PARA PERSONAS JURIDICAS<\/a><\/p>\n<p><a href=\"https:\/\/contratacion.almunecar.es\/wp-content\/uploads\/2024\/04\/ANEXO-III-DECLARACION-RESPONSABLE-COMPLEMENTARIA-PARA-PERSONAS-FISICAS.docx\">18\/04\/2024\u00a0 DECLARACION RESPONSABLE COMPLEMENTARIA PARA PERSONAS FISICAS<\/a><\/p>\n<p>PARA LA PRESENTACI\u00d3N DE OFERTAS ES NECESARIO PRESENTAR PRESUPUESTOS Y LA DECLARACI\u00d3N RESPONSABLE (PERSONA F\u00cdSICA O JUR\u00cdDICA), A TRAV\u00c9S DE LA SEDE ELECTR\u00d3NICA DEL AYUNTAMIENTO DE<\/p>\n<p>&nbsp;<\/p>\n","protected":false},"excerpt":{"rendered":"<p>18\/04\/2024 INFORME NECESIDAD SUMINISTRO M\u00d3DULO ADAPTADO EN PLAYA PUERTA DEL MAR 18\/04\/2024PROPUESTA DE GASTO 18\/04\/2024\u00a0 DECLARACION RESPONSABLE COMPLEMENTARIA PARA PERSONAS JURIDICAS 18\/04\/2024\u00a0 DECLARACION RESPONSABLE COMPLEMENTARIA PARA PERSONAS FISICAS PARA LA PRESENTACI\u00d3N DE OFERTAS ES NECESARIO PRESENTAR PRESUPUESTOS Y LA DECLARACI\u00d3N RESPONSABLE (PERSONA F\u00cdSICA O JUR\u00cdDICA), A TRAV\u00c9S DE LA SEDE ELECTR\u00d3NICA DEL AYUNTAMIENTO DE &nbsp;<\/p>\n","protected":false},"author":5,"featured_media":0,"comment_status":"closed","ping_status":"closed","sticky":false,"template":"","format":"standard","meta":{"_acf_changed":false,"footnotes":""},"categories":[3,10,4],"tags":[],"class_list":["post-7621","post","type-post","status-publish","format-standard","hentry","category-anuncio","category-menores","category-licitacion"],"acf":[],"_links":{"self":[{"href":"https:\/\/contratacion.almunecar.es\/index.php?rest_route=\/wp\/v2\/posts\/7621","targetHints":{"allow":["GET"]}}],"collection":[{"href":"https:\/\/contratacion.almunecar.es\/index.php?rest_route=\/wp\/v2\/posts"}],"about":[{"href":"https:\/\/contratacion.almunecar.es\/index.php?rest_route=\/wp\/v2\/types\/post"}],"author":[{"embeddable":true,"href":"https:\/\/contratacion.almunecar.es\/index.php?rest_route=\/wp\/v2\/users\/5"}],"replies":[{"embeddable":true,"href":"https:\/\/contratacion.almunecar.es\/index.php?rest_route=%2Fwp%2Fv2%2Fcomments&post=7621"}],"version-history":[{"count":4,"href":"https:\/\/contratacion.almunecar.es\/index.php?rest_route=\/wp\/v2\/posts\/7621\/revisions"}],"predecessor-version":[{"id":7652,"href":"https:\/\/contratacion.almunecar.es\/index.php?rest_route=\/wp\/v2\/posts\/7621\/revisions\/7652"}],"wp:attachment":[{"href":"https:\/\/contratacion.almunecar.es\/index.php?rest_route=%2Fwp%2Fv2%2Fmedia&parent=7621"}],"wp:term":[{"taxonomy":"category","embeddable":true,"href":"https:\/\/contratacion.almunecar.es\/index.php?rest_route=%2Fwp%2Fv2%2Fcategories&post=7621"},{"taxonomy":"post_tag","embeddable":true,"href":"https:\/\/contratacion.almunecar.es\/index.php?rest_route=%2Fwp%2Fv2%2Ftags&post=7621"}],"curies":[{"name":"wp","href":"https:\/\/api.w.org\/{rel}","templated":true}]}}