{"id":7591,"date":"2024-04-10T14:11:04","date_gmt":"2024-04-10T12:11:04","guid":{"rendered":"https:\/\/contratacion.almunecar.es\/?p=7591"},"modified":"2024-05-28T08:33:21","modified_gmt":"2024-05-28T06:33:21","slug":"expte-29-2024-gest-2222-2024-concesion-administrativa-demanial-para-la-explotacion-mediante-actividades-de-hosteleria-y-restauracion-del-local-no6-sito-en-los-bajos-del-paseo-del-altillo-de-almune","status":"publish","type":"post","link":"https:\/\/contratacion.almunecar.es\/?p=7591","title":{"rendered":"EXPTE. 29\/2024 (GEST 2222\/2024): CONCESI\u00d3N ADMINISTRATIVA DEMANIAL PARA LA EXPLOTACI\u00d3N MEDIANTE ACTIVIDADES DE HOSTELER\u00cdA Y RESTAURACI\u00d3N DEL LOCAL N\u00ba6 SITO EN LOS BAJOS DEL PASEO DEL ALTILLO DE ALMU\u00d1\u00c9CAR (ANTIGUA \u00abLA BODEGUITA DEL MAR\u00bb)."},"content":{"rendered":"<p>10\/04\/2024 <a href=\"https:\/\/contratacion.almunecar.es\/wp-content\/uploads\/2024\/04\/ESTUDIO-DE-VALORACION-BODEGUITA-DEL-MAR.pdf\">ESTUDIO DE VALORACION BODEGUITA DEL MAR<\/a><\/p>\n<p>10\/04\/2024 <a href=\"https:\/\/contratacion.almunecar.es\/wp-content\/uploads\/2024\/04\/INFORME-NECESIDAD-LOCAL-6-BAJOS-DEL-ALTILLO.pdf\">INFORME NECESIDAD LOCAL 6 BAJOS DEL ALTILLO<\/a><\/p>\n<p>10\/04\/2024 <a href=\"https:\/\/contratacion.almunecar.es\/wp-content\/uploads\/2024\/04\/PCAP-Y-PPT-BODEGUITA-DEL-MAR.pdf\">PCAP Y PPT BODEGUITA DEL MAR<\/a><\/p>\n<p>10\/04\/2024 <a href=\"https:\/\/contratacion.almunecar.es\/wp-content\/uploads\/2024\/04\/RA-APROB-E-INICIO-EXPTE-LOCAL-6-BODEGUITA.pdf\">RA APROB E INICIO EXPTE LOCAL 6 BODEGUITA<\/a><\/p>\n<p>10\/04\/2024 <a href=\"https:\/\/contratacion.almunecar.es\/wp-content\/uploads\/2024\/04\/PLACSP-ANUNCIO-DE-LICITACI\u00d3N-LOCAL-6-BAJOS-PASEO-DEL-ALTILLO.pdf\">PLACSP &#8211; ANUNCIO DE LICITACI\u00d3N LOCAL 6 BAJOS PASEO DEL ALTILLO<\/a><\/p>\n<p>10\/04\/2024 <a href=\"https:\/\/contratacion.almunecar.es\/wp-content\/uploads\/2024\/04\/PLACSP-DOCUMENTO-DE-PLIEGOS-LOCAL-6-BAJOS-PASEO-DEL-ALTILLO.pdf\">PLACSP &#8211; DOCUMENTO DE PLIEGOS LOCAL 6 BAJOS PASEO DEL ALTILLO<\/a><\/p>\n<p>Los licitadores interesados podr\u00e1n presentar Ofertas hasta el 26\/04\/2024, 11:00 horas a trav\u00e9s de la Herramienta de preparaci\u00f3n y presentaci\u00f3n de ofertas de la Plataforma de Contrataci\u00f3n del Sector P\u00fablico. Para m\u00e1s informaci\u00f3n y presentaci\u00f3n de OFERTAS: <a href=\"https:\/\/contrataciondelestado.es\/wps\/poc?uri=deeplink%3Adetalle_licitacion&amp;idEvl=foUrCuv5RYpq1DdmE7eaXg%3D%3D\">Click aqu\u00ed<\/a><\/p>\n<p>30\/04\/2024 <a href=\"https:\/\/contratacion.almunecar.es\/wp-content\/uploads\/2024\/04\/CITACION-MESA-DE-CONTRATACION-2024-05-06.pdf\">CITACION MESA DE CONTRATACION 2024-05-06<\/a><\/p>\n<p>08\/05\/2024 <a href=\"https:\/\/contratacion.almunecar.es\/wp-content\/uploads\/2024\/04\/ACTA-MESA-DE-CONTRATACION-2024-05-06-1.pdf\">ACTA MESA DE CONTRATACION 2024-05-06<\/a><\/p>\n","protected":false},"excerpt":{"rendered":"<p>10\/04\/2024 ESTUDIO DE VALORACION BODEGUITA DEL MAR 10\/04\/2024 INFORME NECESIDAD LOCAL 6 BAJOS DEL ALTILLO 10\/04\/2024 PCAP Y PPT BODEGUITA DEL MAR 10\/04\/2024 RA APROB E INICIO EXPTE LOCAL 6 BODEGUITA 10\/04\/2024 PLACSP &#8211; ANUNCIO DE LICITACI\u00d3N LOCAL 6 BAJOS PASEO DEL ALTILLO 10\/04\/2024 PLACSP &#8211; DOCUMENTO DE PLIEGOS LOCAL 6 BAJOS PASEO DEL ALTILLO&hellip; <br \/> <a class=\"button small blue\" href=\"https:\/\/contratacion.almunecar.es\/?p=7591\">Leer m\u00e1s<\/a><\/p>\n","protected":false},"author":5,"featured_media":0,"comment_status":"closed","ping_status":"closed","sticky":false,"template":"","format":"standard","meta":{"_acf_changed":false,"footnotes":""},"categories":[3,4],"tags":[],"class_list":["post-7591","post","type-post","status-publish","format-standard","hentry","category-anuncio","category-licitacion"],"acf":[],"_links":{"self":[{"href":"https:\/\/contratacion.almunecar.es\/index.php?rest_route=\/wp\/v2\/posts\/7591","targetHints":{"allow":["GET"]}}],"collection":[{"href":"https:\/\/contratacion.almunecar.es\/index.php?rest_route=\/wp\/v2\/posts"}],"about":[{"href":"https:\/\/contratacion.almunecar.es\/index.php?rest_route=\/wp\/v2\/types\/post"}],"author":[{"embeddable":true,"href":"https:\/\/contratacion.almunecar.es\/index.php?rest_route=\/wp\/v2\/users\/5"}],"replies":[{"embeddable":true,"href":"https:\/\/contratacion.almunecar.es\/index.php?rest_route=%2Fwp%2Fv2%2Fcomments&post=7591"}],"version-history":[{"count":4,"href":"https:\/\/contratacion.almunecar.es\/index.php?rest_route=\/wp\/v2\/posts\/7591\/revisions"}],"predecessor-version":[{"id":7779,"href":"https:\/\/contratacion.almunecar.es\/index.php?rest_route=\/wp\/v2\/posts\/7591\/revisions\/7779"}],"wp:attachment":[{"href":"https:\/\/contratacion.almunecar.es\/index.php?rest_route=%2Fwp%2Fv2%2Fmedia&parent=7591"}],"wp:term":[{"taxonomy":"category","embeddable":true,"href":"https:\/\/contratacion.almunecar.es\/index.php?rest_route=%2Fwp%2Fv2%2Fcategories&post=7591"},{"taxonomy":"post_tag","embeddable":true,"href":"https:\/\/contratacion.almunecar.es\/index.php?rest_route=%2Fwp%2Fv2%2Ftags&post=7591"}],"curies":[{"name":"wp","href":"https:\/\/api.w.org\/{rel}","templated":true}]}}