{"id":7583,"date":"2024-04-10T13:57:08","date_gmt":"2024-04-10T11:57:08","guid":{"rendered":"https:\/\/contratacion.almunecar.es\/?p=7583"},"modified":"2024-05-08T08:44:09","modified_gmt":"2024-05-08T06:44:09","slug":"expediente-30-2024-gest-2223-2024-concesion-administrativa-demanial-uso-privativo-para-la-explotacion-mediante-actividades-de-hosteleria-y-restauracion-del-local-numero-4-soho-sito-en-los-bajos","status":"publish","type":"post","link":"https:\/\/contratacion.almunecar.es\/?p=7583","title":{"rendered":"Expediente 30\/2024 (Gest 2223\/2024). Concesi\u00f3n Administrativa Demanial (uso privativo) para la explotaci\u00f3n mediante actividades de hosteler\u00eda y restauraci\u00f3n del Local n\u00famero 4 (Soho) sito en los Bajos del Paseo del Altillo de Almu\u00f1\u00e9car."},"content":{"rendered":"<p>10\/04\/2024 <a href=\"https:\/\/contratacion.almunecar.es\/wp-content\/uploads\/2024\/04\/INFORME-NECESIDAD-E-IDONEIDAD-CONCESION-DEMANIAL-LOCAL-4-BAJOS-DEL-ALTILLO.pdf\">INFORME NECESIDAD E IDONEIDAD CONCESION DEMANIAL LOCAL 4 BAJOS DEL ALTILLO<\/a><\/p>\n<p>10\/04\/2024 <a href=\"https:\/\/contratacion.almunecar.es\/wp-content\/uploads\/2024\/04\/ESTUDIO-DE-VALORACION-CONCESION-LOCAL-SOHO.pdf\">ESTUDIO DE VALORACION CONCESION LOCAL SOHO<\/a><\/p>\n<p>10\/04\/2024 <a href=\"https:\/\/contratacion.almunecar.es\/wp-content\/uploads\/2024\/04\/PLIEGO-DE-CONDICIONES-JURIDICO-ECONOMICO-ADMINISTRATIVAS-Y-TECNICAS-SOHO.pdf\">PLIEGO DE CONDICIONES JURIDICO ECONOMICO ADMINISTRATIVAS Y TECNICAS SOHO<\/a><\/p>\n<p>10\/04\/2024 <a href=\"https:\/\/contratacion.almunecar.es\/wp-content\/uploads\/2024\/04\/RA-INICIO-Y-APROBACION-EXPTE-CONCESION-LOCAL-4-ALTILLO-SOHO.pdf\">RA INICIO Y APROBACION EXPTE CONCESION LOCAL 4 ALTILLO &#8211; SOHO<\/a><\/p>\n<p>10\/04\/2024 <a href=\"https:\/\/contratacion.almunecar.es\/wp-content\/uploads\/2024\/04\/PLACSP-ANUNCIO-LICITACI\u00d3N-CONCESI\u00d3N-LOCAL-4-ALTILLO-SOHO.pdf\">PLACSP &#8211; ANUNCIO LICITACI\u00d3N CONCESI\u00d3N LOCAL 4 ALTILLO &#8211; SOHO<\/a><\/p>\n<p>10\/04\/2024 <a href=\"https:\/\/contratacion.almunecar.es\/wp-content\/uploads\/2024\/04\/PLACSP-DOCUMENTO-PLIEGOS-CONCESI\u00d3N-LOCAL-4-ALTILLO-SOHO.pdf\">PLACSP &#8211; DOCUMENTO PLIEGOS CONCESI\u00d3N LOCAL 4 ALTILLO &#8211; SOHO<\/a><\/p>\n<p>Para m\u00e1s informaci\u00f3n y presentaci\u00f3n de ofertas: <a href=\"https:\/\/contrataciondelestado.es\/wps\/poc?uri=deeplink:detalle_licitacion&amp;idEvl=MszdhT9reaYmMOlAXxDEjw%3D%3D\">click aqu\u00ed\u00a0<\/a><\/p>\n<p>Las ofertas podr\u00e1n presentarse hasta el d\u00eda 26\/04\/2024, a las 11:00 horas.<\/p>\n<p>30\/04\/2024 <a href=\"https:\/\/contratacion.almunecar.es\/wp-content\/uploads\/2024\/04\/CITACION-MESA-DE-CONTRATACION-2024-05-06.pdf\">CITACION MESA DE CONTRATACION 2024-05-06<\/a><\/p>\n<p>08\/05\/2024 <a href=\"https:\/\/contratacion.almunecar.es\/wp-content\/uploads\/2024\/04\/ACTA-MESA-DE-CONTRATACION-2024-05-06-1.pdf\">ACTA MESA DE CONTRATACION 2024-05-06<\/a><\/p>\n","protected":false},"excerpt":{"rendered":"<p>10\/04\/2024 INFORME NECESIDAD E IDONEIDAD CONCESION DEMANIAL LOCAL 4 BAJOS DEL ALTILLO 10\/04\/2024 ESTUDIO DE VALORACION CONCESION LOCAL SOHO 10\/04\/2024 PLIEGO DE CONDICIONES JURIDICO ECONOMICO ADMINISTRATIVAS Y TECNICAS SOHO 10\/04\/2024 RA INICIO Y APROBACION EXPTE CONCESION LOCAL 4 ALTILLO &#8211; SOHO 10\/04\/2024 PLACSP &#8211; ANUNCIO LICITACI\u00d3N CONCESI\u00d3N LOCAL 4 ALTILLO &#8211; SOHO 10\/04\/2024 PLACSP &#8211;&hellip; <br \/> <a class=\"button small blue\" href=\"https:\/\/contratacion.almunecar.es\/?p=7583\">Leer m\u00e1s<\/a><\/p>\n","protected":false},"author":5,"featured_media":0,"comment_status":"closed","ping_status":"closed","sticky":false,"template":"","format":"standard","meta":{"_acf_changed":false,"footnotes":""},"categories":[3,4],"tags":[],"class_list":["post-7583","post","type-post","status-publish","format-standard","hentry","category-anuncio","category-licitacion"],"acf":[],"_links":{"self":[{"href":"https:\/\/contratacion.almunecar.es\/index.php?rest_route=\/wp\/v2\/posts\/7583","targetHints":{"allow":["GET"]}}],"collection":[{"href":"https:\/\/contratacion.almunecar.es\/index.php?rest_route=\/wp\/v2\/posts"}],"about":[{"href":"https:\/\/contratacion.almunecar.es\/index.php?rest_route=\/wp\/v2\/types\/post"}],"author":[{"embeddable":true,"href":"https:\/\/contratacion.almunecar.es\/index.php?rest_route=\/wp\/v2\/users\/5"}],"replies":[{"embeddable":true,"href":"https:\/\/contratacion.almunecar.es\/index.php?rest_route=%2Fwp%2Fv2%2Fcomments&post=7583"}],"version-history":[{"count":3,"href":"https:\/\/contratacion.almunecar.es\/index.php?rest_route=\/wp\/v2\/posts\/7583\/revisions"}],"predecessor-version":[{"id":7780,"href":"https:\/\/contratacion.almunecar.es\/index.php?rest_route=\/wp\/v2\/posts\/7583\/revisions\/7780"}],"wp:attachment":[{"href":"https:\/\/contratacion.almunecar.es\/index.php?rest_route=%2Fwp%2Fv2%2Fmedia&parent=7583"}],"wp:term":[{"taxonomy":"category","embeddable":true,"href":"https:\/\/contratacion.almunecar.es\/index.php?rest_route=%2Fwp%2Fv2%2Fcategories&post=7583"},{"taxonomy":"post_tag","embeddable":true,"href":"https:\/\/contratacion.almunecar.es\/index.php?rest_route=%2Fwp%2Fv2%2Ftags&post=7583"}],"curies":[{"name":"wp","href":"https:\/\/api.w.org\/{rel}","templated":true}]}}