{"id":758,"date":"2018-05-30T12:26:13","date_gmt":"2018-05-30T10:26:13","guid":{"rendered":"http:\/\/contratacion.almunecar.es\/?p=758"},"modified":"2018-05-30T12:26:13","modified_gmt":"2018-05-30T10:26:13","slug":"expte-88-18-gestiona-4896-18-inserciones-promocionales-en-medios-de-comunicacion-de-la-provincia-de-jaen-durante-el-verano-2018","status":"publish","type":"post","link":"https:\/\/contratacion.almunecar.es\/?p=758","title":{"rendered":"Expte. 88\/18 (Gestiona 4896\/18) Inserciones promocionales en medios de comunicaci\u00f3n de la provincia de Ja\u00e9n durante el verano 2018"},"content":{"rendered":"<p><a href=\"http:\/\/contratacion.almunecar.es\/wp-content\/uploads\/2018\/05\/Memoria-Trabajos-a-realizar-Contrataci\u00f3n-Medios-Comunicaci\u00f3n-Ja\u00e9n-1.pdf\">Memoria Trabajos a realizar Contrataci\u00f3n Medios Comunicaci\u00f3n Ja\u00e9n (1)<\/a><\/p>\n","protected":false},"excerpt":{"rendered":"<p>Memoria Trabajos a realizar Contrataci\u00f3n Medios Comunicaci\u00f3n Ja\u00e9n (1)<\/p>\n","protected":false},"author":4,"featured_media":0,"comment_status":"closed","ping_status":"closed","sticky":false,"template":"","format":"standard","meta":{"_acf_changed":false,"footnotes":""},"categories":[3,10,4],"tags":[],"class_list":["post-758","post","type-post","status-publish","format-standard","hentry","category-anuncio","category-menores","category-licitacion"],"acf":[],"_links":{"self":[{"href":"https:\/\/contratacion.almunecar.es\/index.php?rest_route=\/wp\/v2\/posts\/758","targetHints":{"allow":["GET"]}}],"collection":[{"href":"https:\/\/contratacion.almunecar.es\/index.php?rest_route=\/wp\/v2\/posts"}],"about":[{"href":"https:\/\/contratacion.almunecar.es\/index.php?rest_route=\/wp\/v2\/types\/post"}],"author":[{"embeddable":true,"href":"https:\/\/contratacion.almunecar.es\/index.php?rest_route=\/wp\/v2\/users\/4"}],"replies":[{"embeddable":true,"href":"https:\/\/contratacion.almunecar.es\/index.php?rest_route=%2Fwp%2Fv2%2Fcomments&post=758"}],"version-history":[{"count":2,"href":"https:\/\/contratacion.almunecar.es\/index.php?rest_route=\/wp\/v2\/posts\/758\/revisions"}],"predecessor-version":[{"id":761,"href":"https:\/\/contratacion.almunecar.es\/index.php?rest_route=\/wp\/v2\/posts\/758\/revisions\/761"}],"wp:attachment":[{"href":"https:\/\/contratacion.almunecar.es\/index.php?rest_route=%2Fwp%2Fv2%2Fmedia&parent=758"}],"wp:term":[{"taxonomy":"category","embeddable":true,"href":"https:\/\/contratacion.almunecar.es\/index.php?rest_route=%2Fwp%2Fv2%2Fcategories&post=758"},{"taxonomy":"post_tag","embeddable":true,"href":"https:\/\/contratacion.almunecar.es\/index.php?rest_route=%2Fwp%2Fv2%2Ftags&post=758"}],"curies":[{"name":"wp","href":"https:\/\/api.w.org\/{rel}","templated":true}]}}