{"id":7301,"date":"2024-02-13T13:02:48","date_gmt":"2024-02-13T11:02:48","guid":{"rendered":"https:\/\/contratacion.almunecar.es\/?p=7301"},"modified":"2024-03-14T10:49:33","modified_gmt":"2024-03-14T08:49:33","slug":"expte-17-2024-gestiona-875-2024-enajenacion-de-camion-volvo-modelo-fl7-ch-41-y-camion-basculante-nissan-eco-l-mediante-lotes","status":"publish","type":"post","link":"https:\/\/contratacion.almunecar.es\/?p=7301","title":{"rendered":"Expte. 17\/2024 (Gestiona 875\/2024). Enajenaci\u00f3n de cami\u00f3n Volvo Modelo FL7 CH 41 y cami\u00f3n basculante Nissan ECO-L, mediante Lotes."},"content":{"rendered":"<p>13\/02\/2024 <a href=\"https:\/\/contratacion.almunecar.es\/wp-content\/uploads\/2024\/02\/Valoracion-Camiones.pdf\">Valoracion Camiones<\/a><\/p>\n<p>13\/02\/2024 <a href=\"https:\/\/contratacion.almunecar.es\/wp-content\/uploads\/2024\/02\/PLIEGO-JURIDICO-ECONOMICO-ADMINISTRATIVAS-Y-TECNICAS-ENAJENACION-CAMIONES.pdf\">PLIEGO JURIDICO-ECONOMICO-ADMINISTRATIVAS Y TECNICAS ENAJENACION CAMIONES<\/a><\/p>\n<p>13\/02\/2024 <a href=\"https:\/\/contratacion.almunecar.es\/wp-content\/uploads\/2024\/02\/RA-APROB-E-INICIO-EXPTE-ENAJENACION-CAMIONES.pdf\">RA APROB E INICIO EXPTE ENAJENACION CAMIONES<\/a><\/p>\n<p>Para m\u00e1s informaci\u00f3n y presentaci\u00f3n de Ofertas: <a href=\"https:\/\/contrataciondelestado.es\/wps\/poc?uri=deeplink%3Adetalle_licitacion&amp;idEvl=%2FENzAne5K0A7%2B9FIQYNjeQ%3D%3D\">click aqu\u00ed<\/a><\/p>\n<p>La presentaci\u00f3n de ofertas ser\u00e1 hasta el d\u00eda 29 de febrero de 2024 a las 11:00 horas.<\/p>\n<p>07\/03\/2024 <a href=\"https:\/\/contratacion.almunecar.es\/wp-content\/uploads\/2024\/02\/CITACION-MESA-DE-CONTRATACION-2024-03-12.pdf\">CITACION MESA DE CONTRATACION 2024-03-12<\/a><\/p>\n<p>14\/03\/2024 <a href=\"https:\/\/contratacion.almunecar.es\/wp-content\/uploads\/2024\/02\/ACTA-MESA-DE-CONTRATACION-2024-03-12.pdf\">ACTA MESA DE CONTRATACION 2024-03-12<\/a><\/p>\n","protected":false},"excerpt":{"rendered":"<p>13\/02\/2024 Valoracion Camiones 13\/02\/2024 PLIEGO JURIDICO-ECONOMICO-ADMINISTRATIVAS Y TECNICAS ENAJENACION CAMIONES 13\/02\/2024 RA APROB E INICIO EXPTE ENAJENACION CAMIONES Para m\u00e1s informaci\u00f3n y presentaci\u00f3n de Ofertas: click aqu\u00ed La presentaci\u00f3n de ofertas ser\u00e1 hasta el d\u00eda 29 de febrero de 2024 a las 11:00 horas. 07\/03\/2024 CITACION MESA DE CONTRATACION 2024-03-12 14\/03\/2024 ACTA MESA DE CONTRATACION&hellip; <br \/> <a class=\"button small blue\" href=\"https:\/\/contratacion.almunecar.es\/?p=7301\">Leer m\u00e1s<\/a><\/p>\n","protected":false},"author":5,"featured_media":0,"comment_status":"closed","ping_status":"closed","sticky":false,"template":"","format":"standard","meta":{"_acf_changed":false,"footnotes":""},"categories":[3,4],"tags":[],"class_list":["post-7301","post","type-post","status-publish","format-standard","hentry","category-anuncio","category-licitacion"],"acf":[],"_links":{"self":[{"href":"https:\/\/contratacion.almunecar.es\/index.php?rest_route=\/wp\/v2\/posts\/7301","targetHints":{"allow":["GET"]}}],"collection":[{"href":"https:\/\/contratacion.almunecar.es\/index.php?rest_route=\/wp\/v2\/posts"}],"about":[{"href":"https:\/\/contratacion.almunecar.es\/index.php?rest_route=\/wp\/v2\/types\/post"}],"author":[{"embeddable":true,"href":"https:\/\/contratacion.almunecar.es\/index.php?rest_route=\/wp\/v2\/users\/5"}],"replies":[{"embeddable":true,"href":"https:\/\/contratacion.almunecar.es\/index.php?rest_route=%2Fwp%2Fv2%2Fcomments&post=7301"}],"version-history":[{"count":4,"href":"https:\/\/contratacion.almunecar.es\/index.php?rest_route=\/wp\/v2\/posts\/7301\/revisions"}],"predecessor-version":[{"id":7493,"href":"https:\/\/contratacion.almunecar.es\/index.php?rest_route=\/wp\/v2\/posts\/7301\/revisions\/7493"}],"wp:attachment":[{"href":"https:\/\/contratacion.almunecar.es\/index.php?rest_route=%2Fwp%2Fv2%2Fmedia&parent=7301"}],"wp:term":[{"taxonomy":"category","embeddable":true,"href":"https:\/\/contratacion.almunecar.es\/index.php?rest_route=%2Fwp%2Fv2%2Fcategories&post=7301"},{"taxonomy":"post_tag","embeddable":true,"href":"https:\/\/contratacion.almunecar.es\/index.php?rest_route=%2Fwp%2Fv2%2Ftags&post=7301"}],"curies":[{"name":"wp","href":"https:\/\/api.w.org\/{rel}","templated":true}]}}