{"id":7274,"date":"2024-02-06T14:11:56","date_gmt":"2024-02-06T12:11:56","guid":{"rendered":"https:\/\/contratacion.almunecar.es\/?p=7274"},"modified":"2024-02-15T09:54:35","modified_gmt":"2024-02-15T07:54:35","slug":"expte-9-2024-gestiona-561-2024-contrato-de-suministros-de-materiales-de-albanileria-renovacion-de-plaza-abderraman-y-acerado-sur-del-paseo-de-las-flores-de-almunecar-pfea-ordinario-2-023","status":"publish","type":"post","link":"https:\/\/contratacion.almunecar.es\/?p=7274","title":{"rendered":"EXPTE 9\/2024. GESTIONA 561\/2024. CONTRATO DE SUMINISTROS DE MATERIALES DE ALBA\u00d1ILER\u00cdA. \u00abRENOVACI\u00d3N DE PLAZA ABDERRAM\u00c1N Y ACERADO SUR DEL PASEO DE LAS FLORES DE ALMU\u00d1ECAR\u00bb. PFEA  ORDINARIO 2.023"},"content":{"rendered":"<p>06\/02\/2.024. <a href=\"https:\/\/contratacion.almunecar.es\/wp-content\/uploads\/2024\/02\/NFORME-MOTIVADO-SUMINISTRO-MATERIALES04-ALBA\u00d1ILER\u00cdA-PFEA-23-ORDINARIO.pdf\">NFORME MOTIVADO SUMINISTRO MATERIALES04 ALBA\u00d1ILER\u00cdA PFEA 23 ORDINARIO<\/a><\/p>\n<p>06\/02\/2.024<a href=\"https:\/\/contratacion.almunecar.es\/wp-content\/uploads\/2024\/02\/ANEXO-II-DECLARACION-RESPONSABLE-COMPLEMENTARIA-PARA-PERSONAS-JURIDICAS4.docx\">ANEXO II DECLARACION RESPONSABLE COMPLEMENTARIA PARA PERSONAS JURIDICAS(4)<\/a><\/p>\n<p>06\/02\/2.024<a href=\"https:\/\/contratacion.almunecar.es\/wp-content\/uploads\/2024\/02\/ANEXO-III-DECLARACION-RESPONSABLE-COMPLEMENTARIA-PARA-PERSONAS-FISICAS.docx\">ANEXO III DECLARACION RESPONSABLE COMPLEMENTARIA PARA PERSONAS FISICAS<\/a><\/p>\n<p>PARA LA PRESENTACI\u00d3N DE OFERTAS ES NECESARIO PRESENTAR PRESUPUESTOS Y DECLARACI\u00d3N RESPONSABLE (PERSONA F\u00cdSICA O JUR\u00cdDICA), A TRAV\u00c9S DE LA SEDE ELECTR\u00d3NICA DEL AYUNTAMIENTO DE ALMU\u00d1\u00c9CAR.<\/p>\n<p>EL PLAZO PARA PRESENTAR OFERTAS ES HASTA LAS 23:59 HORAS DEL D\u00cdA 20 DE FEBRERO DE 2.024.<\/p>\n","protected":false},"excerpt":{"rendered":"<p>06\/02\/2.024. NFORME MOTIVADO SUMINISTRO MATERIALES04 ALBA\u00d1ILER\u00cdA PFEA 23 ORDINARIO 06\/02\/2.024ANEXO II DECLARACION RESPONSABLE COMPLEMENTARIA PARA PERSONAS JURIDICAS(4) 06\/02\/2.024ANEXO III DECLARACION RESPONSABLE COMPLEMENTARIA PARA PERSONAS FISICAS PARA LA PRESENTACI\u00d3N DE OFERTAS ES NECESARIO PRESENTAR PRESUPUESTOS Y DECLARACI\u00d3N RESPONSABLE (PERSONA F\u00cdSICA O JUR\u00cdDICA), A TRAV\u00c9S DE LA SEDE ELECTR\u00d3NICA DEL AYUNTAMIENTO DE ALMU\u00d1\u00c9CAR. EL PLAZO PARA PRESENTAR&hellip; <br \/> <a class=\"button small blue\" href=\"https:\/\/contratacion.almunecar.es\/?p=7274\">Leer m\u00e1s<\/a><\/p>\n","protected":false},"author":5,"featured_media":0,"comment_status":"closed","ping_status":"closed","sticky":false,"template":"","format":"standard","meta":{"_acf_changed":false,"footnotes":""},"categories":[10],"tags":[],"class_list":["post-7274","post","type-post","status-publish","format-standard","hentry","category-menores"],"acf":[],"_links":{"self":[{"href":"https:\/\/contratacion.almunecar.es\/index.php?rest_route=\/wp\/v2\/posts\/7274","targetHints":{"allow":["GET"]}}],"collection":[{"href":"https:\/\/contratacion.almunecar.es\/index.php?rest_route=\/wp\/v2\/posts"}],"about":[{"href":"https:\/\/contratacion.almunecar.es\/index.php?rest_route=\/wp\/v2\/types\/post"}],"author":[{"embeddable":true,"href":"https:\/\/contratacion.almunecar.es\/index.php?rest_route=\/wp\/v2\/users\/5"}],"replies":[{"embeddable":true,"href":"https:\/\/contratacion.almunecar.es\/index.php?rest_route=%2Fwp%2Fv2%2Fcomments&post=7274"}],"version-history":[{"count":5,"href":"https:\/\/contratacion.almunecar.es\/index.php?rest_route=\/wp\/v2\/posts\/7274\/revisions"}],"predecessor-version":[{"id":7342,"href":"https:\/\/contratacion.almunecar.es\/index.php?rest_route=\/wp\/v2\/posts\/7274\/revisions\/7342"}],"wp:attachment":[{"href":"https:\/\/contratacion.almunecar.es\/index.php?rest_route=%2Fwp%2Fv2%2Fmedia&parent=7274"}],"wp:term":[{"taxonomy":"category","embeddable":true,"href":"https:\/\/contratacion.almunecar.es\/index.php?rest_route=%2Fwp%2Fv2%2Fcategories&post=7274"},{"taxonomy":"post_tag","embeddable":true,"href":"https:\/\/contratacion.almunecar.es\/index.php?rest_route=%2Fwp%2Fv2%2Ftags&post=7274"}],"curies":[{"name":"wp","href":"https:\/\/api.w.org\/{rel}","templated":true}]}}