{"id":7266,"date":"2024-02-06T13:45:32","date_gmt":"2024-02-06T11:45:32","guid":{"rendered":"https:\/\/contratacion.almunecar.es\/?p=7266"},"modified":"2024-02-15T09:51:04","modified_gmt":"2024-02-15T07:51:04","slug":"expte-8-2024-gestiona-559-2024-contrato-de-suministro-de-materiales-de-hormigon-hm-20-renovacion-de-plaza-abderraman-y-acerado-sur-del-paseo-de-las-flores-en-almunecar-pfea-ordinario-2-023","status":"publish","type":"post","link":"https:\/\/contratacion.almunecar.es\/?p=7266","title":{"rendered":"EXPTE 8\/2024. GESTIONA 559\/2024. CONTRATO DE SUMINISTRO DE MATERIALES DE HORMIG\u00d3N HM-20.  \u00abRENOVACI\u00d3N DE PLAZA ABDERRAM\u00c1N Y ACERADO SUR DEL PASEO DE LAS FLORES EN ALMU\u00d1\u00c9CAR\u00bb. PFEA ORDINARIO 2.023"},"content":{"rendered":"<p>06\/02\/2024 <a href=\"https:\/\/contratacion.almunecar.es\/wp-content\/uploads\/2024\/02\/INFORME-NECESIDAD.pdf\">INFORME NECESIDAD<\/a><\/p>\n<p>06\/02\/2024 <a href=\"https:\/\/contratacion.almunecar.es\/wp-content\/uploads\/2024\/02\/ANEXO-II-DECLARACION-RESPONSABLE-COMPLEMENTARIA-PARA-PERSONAS-JURIDICAS4.docx\">ANEXO II DECLARACION RESPONSABLE COMPLEMENTARIA PARA PERSONAS JURIDICAS(4)<\/a><\/p>\n<p>06\/02\/2024 <a href=\"https:\/\/contratacion.almunecar.es\/wp-content\/uploads\/2024\/02\/ANEXO-III-DECLARACION-RESPONSABLE-COMPLEMENTARIA-PARA-PERSONAS-FISICAS.docx\">ANEXO III DECLARACION RESPONSABLE COMPLEMENTARIA PARA PERSONAS FISICAS<\/a><\/p>\n<p>PARA LA PRESENTACI\u00d3N DE OFERTAS ES NECESARIO PRESENTAR PRESUPUESTOS Y DECLARACI\u00d3N RESPONSABLE (PERSONA F\u00cdSICA O JUR\u00cdDICA),\u00a0 A TRAV\u00c9S DE LA SEDE ELECTR\u00d3NICA DEL AYUNTAMIENTO DE ALMU\u00d1\u00c9CAR.<\/p>\n<p>EL PLAZO PARA PRESENTAR OFERTAS ES HASTA LAS 23:59 HORAS DEL D\u00cdA 20 DE FEBRERO DE 2.024.<\/p>\n<p>&nbsp;<\/p>\n","protected":false},"excerpt":{"rendered":"<p>06\/02\/2024 INFORME NECESIDAD 06\/02\/2024 ANEXO II DECLARACION RESPONSABLE COMPLEMENTARIA PARA PERSONAS JURIDICAS(4) 06\/02\/2024 ANEXO III DECLARACION RESPONSABLE COMPLEMENTARIA PARA PERSONAS FISICAS PARA LA PRESENTACI\u00d3N DE OFERTAS ES NECESARIO PRESENTAR PRESUPUESTOS Y DECLARACI\u00d3N RESPONSABLE (PERSONA F\u00cdSICA O JUR\u00cdDICA),\u00a0 A TRAV\u00c9S DE LA SEDE ELECTR\u00d3NICA DEL AYUNTAMIENTO DE ALMU\u00d1\u00c9CAR. EL PLAZO PARA PRESENTAR OFERTAS ES HASTA LAS&hellip; <br \/> <a class=\"button small blue\" href=\"https:\/\/contratacion.almunecar.es\/?p=7266\">Leer m\u00e1s<\/a><\/p>\n","protected":false},"author":5,"featured_media":0,"comment_status":"closed","ping_status":"closed","sticky":false,"template":"","format":"standard","meta":{"_acf_changed":false,"footnotes":""},"categories":[10],"tags":[],"class_list":["post-7266","post","type-post","status-publish","format-standard","hentry","category-menores"],"acf":[],"_links":{"self":[{"href":"https:\/\/contratacion.almunecar.es\/index.php?rest_route=\/wp\/v2\/posts\/7266","targetHints":{"allow":["GET"]}}],"collection":[{"href":"https:\/\/contratacion.almunecar.es\/index.php?rest_route=\/wp\/v2\/posts"}],"about":[{"href":"https:\/\/contratacion.almunecar.es\/index.php?rest_route=\/wp\/v2\/types\/post"}],"author":[{"embeddable":true,"href":"https:\/\/contratacion.almunecar.es\/index.php?rest_route=\/wp\/v2\/users\/5"}],"replies":[{"embeddable":true,"href":"https:\/\/contratacion.almunecar.es\/index.php?rest_route=%2Fwp%2Fv2%2Fcomments&post=7266"}],"version-history":[{"count":6,"href":"https:\/\/contratacion.almunecar.es\/index.php?rest_route=\/wp\/v2\/posts\/7266\/revisions"}],"predecessor-version":[{"id":7340,"href":"https:\/\/contratacion.almunecar.es\/index.php?rest_route=\/wp\/v2\/posts\/7266\/revisions\/7340"}],"wp:attachment":[{"href":"https:\/\/contratacion.almunecar.es\/index.php?rest_route=%2Fwp%2Fv2%2Fmedia&parent=7266"}],"wp:term":[{"taxonomy":"category","embeddable":true,"href":"https:\/\/contratacion.almunecar.es\/index.php?rest_route=%2Fwp%2Fv2%2Fcategories&post=7266"},{"taxonomy":"post_tag","embeddable":true,"href":"https:\/\/contratacion.almunecar.es\/index.php?rest_route=%2Fwp%2Fv2%2Ftags&post=7266"}],"curies":[{"name":"wp","href":"https:\/\/api.w.org\/{rel}","templated":true}]}}