{"id":7258,"date":"2024-02-06T10:28:44","date_gmt":"2024-02-06T08:28:44","guid":{"rendered":"https:\/\/contratacion.almunecar.es\/?p=7258"},"modified":"2024-02-15T10:06:54","modified_gmt":"2024-02-15T08:06:54","slug":"expte-10-2024-gestiona-565-2024-contrato-de-servicios-de-maquinariarenovacion-de-plaza-abderraman-y-acerado-sur-del-paseo-de-las-flores-en-almunecar-pfea-ordinario-2-023","status":"publish","type":"post","link":"https:\/\/contratacion.almunecar.es\/?p=7258","title":{"rendered":"EXPTE 10\/2024. GESTIONA 565\/2024. CONTRATO DE SERVICIOS DE MAQUINARIA\u00bbRENOVACI\u00d3N DE PLAZA ABDERRAM\u00c1N Y ACERADO SUR DEL PASEO DE LAS FLORES EN ALMU\u00d1ECAR. PFEA ORDINARIO 2.023."},"content":{"rendered":"<p>06\/02\/2024 <a href=\"https:\/\/contratacion.almunecar.es\/wp-content\/uploads\/2024\/02\/INFORME-DE-NECESIDAD-MAQUINARIA.pdf\">INFORME DE NECESIDAD MAQUINARIA<\/a><\/p>\n<p>06\/02\/2024 <a href=\"https:\/\/contratacion.almunecar.es\/wp-content\/uploads\/2024\/02\/ANEXO-II-DECLARACION-RESPONSABLE-COMPLEMENTARIA-PARA-PERSONAS-JURIDICAS4.docx\">ANEXO II DECLARACION RESPONSABLE COMPLEMENTARIA PARA PERSONAS JURIDICAS(4)<\/a><\/p>\n<p>06\/02\/2024\u00a0 <a href=\"https:\/\/contratacion.almunecar.es\/wp-content\/uploads\/2024\/02\/DECLARACION-RESPONSABLE-COMPLEMENTARIA-PARA-PERSONAS-FISICAS.docx\">DECLARACION RESPONSABLE COMPLEMENTARIA PARA PERSONAS FISICAS<\/a><\/p>\n<p>PARA LA PRESENTACI\u00d3N DE OFERTAS ES NECESARIO PRESENTAR PRESUPUESTOS Y DECLARACI\u00d3N RESPONSABLE ( PERSONA F\u00cdSICA O JUR\u00cdDICA), A TRAV\u00c9S DE LA SEDE ELECTR\u00d3NICA DEL AYUNTAMIENTO DE ALMU\u00d1ECAR.<\/p>\n<p>EL PLAZO PARA PRESENTAR OFERTAS ES HASTA LAS 23:59 HORAS DEL D\u00cdA 20 DE FEBRERO DE 2.024.<\/p>\n<p>&nbsp;<\/p>\n","protected":false},"excerpt":{"rendered":"<p>06\/02\/2024 INFORME DE NECESIDAD MAQUINARIA 06\/02\/2024 ANEXO II DECLARACION RESPONSABLE COMPLEMENTARIA PARA PERSONAS JURIDICAS(4) 06\/02\/2024\u00a0 DECLARACION RESPONSABLE COMPLEMENTARIA PARA PERSONAS FISICAS PARA LA PRESENTACI\u00d3N DE OFERTAS ES NECESARIO PRESENTAR PRESUPUESTOS Y DECLARACI\u00d3N RESPONSABLE ( PERSONA F\u00cdSICA O JUR\u00cdDICA), A TRAV\u00c9S DE LA SEDE ELECTR\u00d3NICA DEL AYUNTAMIENTO DE ALMU\u00d1ECAR. EL PLAZO PARA PRESENTAR OFERTAS ES HASTA&hellip; <br \/> <a class=\"button small blue\" href=\"https:\/\/contratacion.almunecar.es\/?p=7258\">Leer m\u00e1s<\/a><\/p>\n","protected":false},"author":5,"featured_media":0,"comment_status":"closed","ping_status":"closed","sticky":false,"template":"","format":"standard","meta":{"_acf_changed":false,"footnotes":""},"categories":[3,10],"tags":[],"class_list":["post-7258","post","type-post","status-publish","format-standard","hentry","category-anuncio","category-menores"],"acf":[],"_links":{"self":[{"href":"https:\/\/contratacion.almunecar.es\/index.php?rest_route=\/wp\/v2\/posts\/7258","targetHints":{"allow":["GET"]}}],"collection":[{"href":"https:\/\/contratacion.almunecar.es\/index.php?rest_route=\/wp\/v2\/posts"}],"about":[{"href":"https:\/\/contratacion.almunecar.es\/index.php?rest_route=\/wp\/v2\/types\/post"}],"author":[{"embeddable":true,"href":"https:\/\/contratacion.almunecar.es\/index.php?rest_route=\/wp\/v2\/users\/5"}],"replies":[{"embeddable":true,"href":"https:\/\/contratacion.almunecar.es\/index.php?rest_route=%2Fwp%2Fv2%2Fcomments&post=7258"}],"version-history":[{"count":9,"href":"https:\/\/contratacion.almunecar.es\/index.php?rest_route=\/wp\/v2\/posts\/7258\/revisions"}],"predecessor-version":[{"id":7348,"href":"https:\/\/contratacion.almunecar.es\/index.php?rest_route=\/wp\/v2\/posts\/7258\/revisions\/7348"}],"wp:attachment":[{"href":"https:\/\/contratacion.almunecar.es\/index.php?rest_route=%2Fwp%2Fv2%2Fmedia&parent=7258"}],"wp:term":[{"taxonomy":"category","embeddable":true,"href":"https:\/\/contratacion.almunecar.es\/index.php?rest_route=%2Fwp%2Fv2%2Fcategories&post=7258"},{"taxonomy":"post_tag","embeddable":true,"href":"https:\/\/contratacion.almunecar.es\/index.php?rest_route=%2Fwp%2Fv2%2Ftags&post=7258"}],"curies":[{"name":"wp","href":"https:\/\/api.w.org\/{rel}","templated":true}]}}