{"id":7254,"date":"2024-02-05T16:05:31","date_gmt":"2024-02-05T14:05:31","guid":{"rendered":"https:\/\/contratacion.almunecar.es\/?p=7254"},"modified":"2024-02-06T10:37:57","modified_gmt":"2024-02-06T08:37:57","slug":"expte-no-13-2024-gestiona-no-570-2-024-contrato-de-suministros-de-materiales-p-2-tuberias-ejecucion-de-mejora-y-ampliacion-del-camino-del-cerrillo-en-almunecar-fase-1-pfea-especial-2-02","status":"publish","type":"post","link":"https:\/\/contratacion.almunecar.es\/?p=7254","title":{"rendered":"EXPTE. N\u00ba 13\/2024. GESTIONA N\u00ba 570\/2.024. CONTRATO DE SUMINISTROS DE MATERIALES P.2. TUBERIAS. \u00bb EJECUCI\u00d3N DE MEJORA Y AMPLIACI\u00d3N DEL CAMINO DEL CERRILLO EN ALMU\u00d1ECAR. FASE 1. \u00ab. PFEA ESPECIAL. 2.023"},"content":{"rendered":"<p>05\/02\/2024<a href=\"https:\/\/contratacion.almunecar.es\/wp-content\/uploads\/2024\/02\/INFORME-DE-NECESIDAD-SERVICIOS-EJECUCI\u00d3N-MEJORA-Y-AMPLIACI\u00d3N-CAMINO-CERILLO-1.pdf\">INFORME DE NECESIDAD SERVICIOS EJECUCI\u00d3N MEJORA Y AMPLIACI\u00d3N CAMINO CERILLO<\/a><\/p>\n<p>05\/02\/2024 <a href=\"https:\/\/contratacion.almunecar.es\/wp-content\/uploads\/2024\/02\/ANEXO-II-DECLARACION-RESPONSABLE-COMPLEMENTARIA-PARA-PERSONAS-JURIDICAS4.docx\">ANEXO II DECLARACION RESPONSABLE COMPLEMENTARIA PARA PERSONAS JURIDICAS(4)<\/a><\/p>\n<p>05\/02\/2024 <a href=\"https:\/\/contratacion.almunecar.es\/wp-content\/uploads\/2024\/02\/ANEXO-III-DECLARACION-RESPONSABLE-COMPLEMENTARIA-PARA-PERSONAS-FISICAS.docx\">ANEXO III DECLARACION RESPONSABLE COMPLEMENTARIA PARA PERSONAS FISICAS<\/a><\/p>\n<p>Para la presentaci\u00f3n de ofertas es necesario presentar presupuestos y declaraci\u00f3n responsable (persona F\u00edsica o Jur\u00eddica), a trav\u00e9s de la Sede electr\u00f3nica del Ayuntamiento de Almu\u00f1ecar.<\/p>\n<p>El plazo para presentar ofertas es hasta las 23:59 horas del d\u00eda 08 de febrero de 2.024.<\/p>\n","protected":false},"excerpt":{"rendered":"<p>05\/02\/2024INFORME DE NECESIDAD SERVICIOS EJECUCI\u00d3N MEJORA Y AMPLIACI\u00d3N CAMINO CERILLO 05\/02\/2024 ANEXO II DECLARACION RESPONSABLE COMPLEMENTARIA PARA PERSONAS JURIDICAS(4) 05\/02\/2024 ANEXO III DECLARACION RESPONSABLE COMPLEMENTARIA PARA PERSONAS FISICAS Para la presentaci\u00f3n de ofertas es necesario presentar presupuestos y declaraci\u00f3n responsable (persona F\u00edsica o Jur\u00eddica), a trav\u00e9s de la Sede electr\u00f3nica del Ayuntamiento de Almu\u00f1ecar. El&hellip; <br \/> <a class=\"button small blue\" href=\"https:\/\/contratacion.almunecar.es\/?p=7254\">Leer m\u00e1s<\/a><\/p>\n","protected":false},"author":5,"featured_media":0,"comment_status":"closed","ping_status":"closed","sticky":false,"template":"","format":"standard","meta":{"_acf_changed":false,"footnotes":""},"categories":[3,10],"tags":[],"class_list":["post-7254","post","type-post","status-publish","format-standard","hentry","category-anuncio","category-menores"],"acf":[],"_links":{"self":[{"href":"https:\/\/contratacion.almunecar.es\/index.php?rest_route=\/wp\/v2\/posts\/7254","targetHints":{"allow":["GET"]}}],"collection":[{"href":"https:\/\/contratacion.almunecar.es\/index.php?rest_route=\/wp\/v2\/posts"}],"about":[{"href":"https:\/\/contratacion.almunecar.es\/index.php?rest_route=\/wp\/v2\/types\/post"}],"author":[{"embeddable":true,"href":"https:\/\/contratacion.almunecar.es\/index.php?rest_route=\/wp\/v2\/users\/5"}],"replies":[{"embeddable":true,"href":"https:\/\/contratacion.almunecar.es\/index.php?rest_route=%2Fwp%2Fv2%2Fcomments&post=7254"}],"version-history":[{"count":4,"href":"https:\/\/contratacion.almunecar.es\/index.php?rest_route=\/wp\/v2\/posts\/7254\/revisions"}],"predecessor-version":[{"id":7265,"href":"https:\/\/contratacion.almunecar.es\/index.php?rest_route=\/wp\/v2\/posts\/7254\/revisions\/7265"}],"wp:attachment":[{"href":"https:\/\/contratacion.almunecar.es\/index.php?rest_route=%2Fwp%2Fv2%2Fmedia&parent=7254"}],"wp:term":[{"taxonomy":"category","embeddable":true,"href":"https:\/\/contratacion.almunecar.es\/index.php?rest_route=%2Fwp%2Fv2%2Fcategories&post=7254"},{"taxonomy":"post_tag","embeddable":true,"href":"https:\/\/contratacion.almunecar.es\/index.php?rest_route=%2Fwp%2Fv2%2Ftags&post=7254"}],"curies":[{"name":"wp","href":"https:\/\/api.w.org\/{rel}","templated":true}]}}