{"id":7248,"date":"2024-02-05T15:17:41","date_gmt":"2024-02-05T13:17:41","guid":{"rendered":"https:\/\/contratacion.almunecar.es\/?p=7248"},"modified":"2024-02-15T10:08:53","modified_gmt":"2024-02-15T08:08:53","slug":"contrato-de-suministro-de-materiales-p-1ejecucion-de-mejora-y-ampliacion-del-camino-del-cerrillo-en-almunecar-fase-1-pfea-especial-2-023","status":"publish","type":"post","link":"https:\/\/contratacion.almunecar.es\/?p=7248","title":{"rendered":"EXPTE N\u00ba 12\/2024. (GESTIONA N\u00ba 569\/2024). CONTRATO DE SUMINISTRO DE MATERIALES P.1&#8243;EJECUCI\u00d3N DE MEJORA Y AMPLIACI\u00d3N DEL CAMINO DEL CERRILLO EN ALMU\u00d1\u00c9CAR .FASE 1&#8243; PFEA ESPECIAL 2.023"},"content":{"rendered":"<p>05\/02\/2024<a href=\"https:\/\/contratacion.almunecar.es\/wp-content\/uploads\/2024\/02\/INFORME-DE-NECESIDAD-SUMINISTROS-P.1-CAMINO-CERILLO.pdf\">INFORME DE NECESIDAD SUMINISTROS P.1 CAMINO CERILLO<\/a><\/p>\n<p>05\/02\/2024 <a href=\"https:\/\/contratacion.almunecar.es\/wp-content\/uploads\/2024\/02\/ANEXO-II-DECLARACION-RESPONSABLE-COMPLEMENTARIA-PARA-PERSONAS-JURIDICAS4.docx\">ANEXO II DECLARACION RESPONSABLE COMPLEMENTARIA PARA PERSONAS JURIDICAS(4)<\/a><\/p>\n<p>05\/02\/2024 <a href=\"https:\/\/contratacion.almunecar.es\/wp-content\/uploads\/2024\/02\/ANEXO-III-DECLARACION-RESPONSABLE-COMPLEMENTARIA-PARA-PERSONAS-FISICAS.docx\">ANEXO III DECLARACION RESPONSABLE COMPLEMENTARIA PARA PERSONAS FISICAS<\/a><\/p>\n<p>&nbsp;<\/p>\n<p>Para la presentaci\u00f3n\u00a0 de ofertas es necesario presentar presupuestos y declaraci\u00f3n responsable ( Persona f\u00edsica o Jur\u00eddica), a trav\u00e9s de la Sede electr\u00f3nica del Ayuntamiento de Almu\u00f1ecar.<\/p>\n<p>El plazo para presentar ofertas es hasta las 23:59h del d\u00eda 20 de febrero de 2.024.<\/p>\n","protected":false},"excerpt":{"rendered":"<p>05\/02\/2024INFORME DE NECESIDAD SUMINISTROS P.1 CAMINO CERILLO 05\/02\/2024 ANEXO II DECLARACION RESPONSABLE COMPLEMENTARIA PARA PERSONAS JURIDICAS(4) 05\/02\/2024 ANEXO III DECLARACION RESPONSABLE COMPLEMENTARIA PARA PERSONAS FISICAS &nbsp; Para la presentaci\u00f3n\u00a0 de ofertas es necesario presentar presupuestos y declaraci\u00f3n responsable ( Persona f\u00edsica o Jur\u00eddica), a trav\u00e9s de la Sede electr\u00f3nica del Ayuntamiento de Almu\u00f1ecar. El plazo&hellip; <br \/> <a class=\"button small blue\" href=\"https:\/\/contratacion.almunecar.es\/?p=7248\">Leer m\u00e1s<\/a><\/p>\n","protected":false},"author":5,"featured_media":0,"comment_status":"closed","ping_status":"closed","sticky":false,"template":"","format":"standard","meta":{"_acf_changed":false,"footnotes":""},"categories":[10],"tags":[],"class_list":["post-7248","post","type-post","status-publish","format-standard","hentry","category-menores"],"acf":[],"_links":{"self":[{"href":"https:\/\/contratacion.almunecar.es\/index.php?rest_route=\/wp\/v2\/posts\/7248","targetHints":{"allow":["GET"]}}],"collection":[{"href":"https:\/\/contratacion.almunecar.es\/index.php?rest_route=\/wp\/v2\/posts"}],"about":[{"href":"https:\/\/contratacion.almunecar.es\/index.php?rest_route=\/wp\/v2\/types\/post"}],"author":[{"embeddable":true,"href":"https:\/\/contratacion.almunecar.es\/index.php?rest_route=\/wp\/v2\/users\/5"}],"replies":[{"embeddable":true,"href":"https:\/\/contratacion.almunecar.es\/index.php?rest_route=%2Fwp%2Fv2%2Fcomments&post=7248"}],"version-history":[{"count":5,"href":"https:\/\/contratacion.almunecar.es\/index.php?rest_route=\/wp\/v2\/posts\/7248\/revisions"}],"predecessor-version":[{"id":7349,"href":"https:\/\/contratacion.almunecar.es\/index.php?rest_route=\/wp\/v2\/posts\/7248\/revisions\/7349"}],"wp:attachment":[{"href":"https:\/\/contratacion.almunecar.es\/index.php?rest_route=%2Fwp%2Fv2%2Fmedia&parent=7248"}],"wp:term":[{"taxonomy":"category","embeddable":true,"href":"https:\/\/contratacion.almunecar.es\/index.php?rest_route=%2Fwp%2Fv2%2Fcategories&post=7248"},{"taxonomy":"post_tag","embeddable":true,"href":"https:\/\/contratacion.almunecar.es\/index.php?rest_route=%2Fwp%2Fv2%2Ftags&post=7248"}],"curies":[{"name":"wp","href":"https:\/\/api.w.org\/{rel}","templated":true}]}}