{"id":7242,"date":"2024-02-05T14:18:31","date_gmt":"2024-02-05T12:18:31","guid":{"rendered":"https:\/\/contratacion.almunecar.es\/?p=7242"},"modified":"2024-02-15T10:02:08","modified_gmt":"2024-02-15T08:02:08","slug":"expte-no-11-2024-gestiona-no-568-2024-contrato-de-servicios-de-maquinaria-ejecucion-de-mejora-y-ampliacion-del-camino-del-cerrillo-en-almunecar-fase-1-pfea-especial-2-023","status":"publish","type":"post","link":"https:\/\/contratacion.almunecar.es\/?p=7242","title":{"rendered":"EXPTE. N\u00ba 11\/2024. (GESTIONA N\u00ba 568\/2024): CONTRATO DE SERVICIOS DE MAQUINARIA \u00abEJECUCI\u00d3N DE MEJORA Y AMPLIACI\u00d3N DEL CAMINO DEL CERRILLO EN ALMU\u00d1\u00c9CAR. FASE 1\u00bb. PFEA ESPECIAL 2.023."},"content":{"rendered":"<p>05\/02\/2024 <a href=\"https:\/\/contratacion.almunecar.es\/wp-content\/uploads\/2024\/02\/INFORME-DE-NECESIDAD-SERVICIOS-EJECUCI\u00d3N-MEJORA-Y-AMPLIACI\u00d3N-CAMINO-CERILLO.pdf\">INFORME DE NECESIDAD SERVICIOS EJECUCI\u00d3N MEJORA Y AMPLIACI\u00d3N CAMINO CERILLO<\/a><\/p>\n<p>05\/02\/2024 <a href=\"https:\/\/contratacion.almunecar.es\/wp-content\/uploads\/2024\/02\/ANEXO-II-DECLARACION-RESPONSABLE-COMPLEMENTARIA-PARA-PERSONAS-JURIDICAS4.docx\">ANEXO II DECLARACION RESPONSABLE COMPLEMENTARIA PARA PERSONAS JURIDICAS(4)<\/a><\/p>\n<p>05\/02\/2024<a href=\"https:\/\/contratacion.almunecar.es\/wp-content\/uploads\/2024\/02\/ANEXO-III-DECLARACION-RESPONSABLE-COMPLEMENTARIA-PARA-PERSONAS-FISICAS.docx\">ANEXO III DECLARACION RESPONSABLE COMPLEMENTARIA PARA PERSONAS FISICAS<\/a><\/p>\n<p>Para la presentaci\u00f3n de ofertas es necesario presentar presupuestos y declaraci\u00f3n responsable(Persona F\u00edsica o Jur\u00eddica), a trav\u00e9s de la Sede electr\u00f3nica del Ayuntamiento de Almu\u00f1\u00e9car.<\/p>\n<p>El plazo para presentar ofertas es hasta las 23:59 del d\u00eda 20 de febrero de 2.024.<\/p>\n","protected":false},"excerpt":{"rendered":"<p>05\/02\/2024 INFORME DE NECESIDAD SERVICIOS EJECUCI\u00d3N MEJORA Y AMPLIACI\u00d3N CAMINO CERILLO 05\/02\/2024 ANEXO II DECLARACION RESPONSABLE COMPLEMENTARIA PARA PERSONAS JURIDICAS(4) 05\/02\/2024ANEXO III DECLARACION RESPONSABLE COMPLEMENTARIA PARA PERSONAS FISICAS Para la presentaci\u00f3n de ofertas es necesario presentar presupuestos y declaraci\u00f3n responsable(Persona F\u00edsica o Jur\u00eddica), a trav\u00e9s de la Sede electr\u00f3nica del Ayuntamiento de Almu\u00f1\u00e9car. El plazo&hellip; <br \/> <a class=\"button small blue\" href=\"https:\/\/contratacion.almunecar.es\/?p=7242\">Leer m\u00e1s<\/a><\/p>\n","protected":false},"author":5,"featured_media":0,"comment_status":"closed","ping_status":"closed","sticky":false,"template":"","format":"standard","meta":{"_acf_changed":false,"footnotes":""},"categories":[10],"tags":[],"class_list":["post-7242","post","type-post","status-publish","format-standard","hentry","category-menores"],"acf":[],"_links":{"self":[{"href":"https:\/\/contratacion.almunecar.es\/index.php?rest_route=\/wp\/v2\/posts\/7242","targetHints":{"allow":["GET"]}}],"collection":[{"href":"https:\/\/contratacion.almunecar.es\/index.php?rest_route=\/wp\/v2\/posts"}],"about":[{"href":"https:\/\/contratacion.almunecar.es\/index.php?rest_route=\/wp\/v2\/types\/post"}],"author":[{"embeddable":true,"href":"https:\/\/contratacion.almunecar.es\/index.php?rest_route=\/wp\/v2\/users\/5"}],"replies":[{"embeddable":true,"href":"https:\/\/contratacion.almunecar.es\/index.php?rest_route=%2Fwp%2Fv2%2Fcomments&post=7242"}],"version-history":[{"count":4,"href":"https:\/\/contratacion.almunecar.es\/index.php?rest_route=\/wp\/v2\/posts\/7242\/revisions"}],"predecessor-version":[{"id":7347,"href":"https:\/\/contratacion.almunecar.es\/index.php?rest_route=\/wp\/v2\/posts\/7242\/revisions\/7347"}],"wp:attachment":[{"href":"https:\/\/contratacion.almunecar.es\/index.php?rest_route=%2Fwp%2Fv2%2Fmedia&parent=7242"}],"wp:term":[{"taxonomy":"category","embeddable":true,"href":"https:\/\/contratacion.almunecar.es\/index.php?rest_route=%2Fwp%2Fv2%2Fcategories&post=7242"},{"taxonomy":"post_tag","embeddable":true,"href":"https:\/\/contratacion.almunecar.es\/index.php?rest_route=%2Fwp%2Fv2%2Ftags&post=7242"}],"curies":[{"name":"wp","href":"https:\/\/api.w.org\/{rel}","templated":true}]}}