{"id":722,"date":"2018-05-18T11:49:42","date_gmt":"2018-05-18T09:49:42","guid":{"rendered":"http:\/\/contratacion.almunecar.es\/?p=722"},"modified":"2018-08-28T11:48:44","modified_gmt":"2018-08-28T09:48:44","slug":"expte-52-2018-gestiona-2975-2018-concesion-de-uso-privativo-de-local-numero-tres-de-los-bajos-del-fenicio-en-almunecar","status":"publish","type":"post","link":"https:\/\/contratacion.almunecar.es\/?p=722","title":{"rendered":"EXPTE 52\/2018 (GESTIONA 2975\/2018) CONCESI\u00d3N DE USO PRIVATIVO DE LOCAL N\u00daMERO TRES DE LOS BAJOS DEL FENICIO EN ALMU\u00d1\u00c9CAR"},"content":{"rendered":"<p><a href=\"http:\/\/contratacion.almunecar.es\/wp-content\/uploads\/2018\/05\/CITACION-MESA-DE-CONTRATACION-2.pdf\">CITACION MESA DE CONTRATACION<\/a><\/p>\n<p><a href=\"http:\/\/contratacion.almunecar.es\/wp-content\/uploads\/2018\/05\/Expte.-52-2018-Anuncio-BOP-Local-Bajos-Fenicio-Local-3.pdf\">Expte. 52-2018 Anuncio BOP Local Bajos Fenicio Local 3<\/a><\/p>\n<p><a href=\"http:\/\/contratacion.almunecar.es\/wp-content\/uploads\/2018\/05\/PLIEGO-ADMINISTRATIVO-CONCESI\u00d3N-LOCAL-3-BAJOS-FENICIO.pdf\">PLIEGO ADMINISTRATIVO CONCESI\u00d3N LOCAL 3 BAJOS FENICIO<\/a><\/p>\n<p><a href=\"http:\/\/contratacion.almunecar.es\/wp-content\/uploads\/2018\/05\/Pliego-t\u00e9cnico-local-3.pdf\">Pliego t\u00e9cnico local 3<\/a><\/p>\n","protected":false},"excerpt":{"rendered":"<p>CITACION MESA DE CONTRATACION Expte. 52-2018 Anuncio BOP Local Bajos Fenicio Local 3 PLIEGO ADMINISTRATIVO CONCESI\u00d3N LOCAL 3 BAJOS FENICIO Pliego t\u00e9cnico local 3<\/p>\n","protected":false},"author":2,"featured_media":0,"comment_status":"closed","ping_status":"closed","sticky":false,"template":"","format":"standard","meta":{"_acf_changed":false,"footnotes":""},"categories":[3,4],"tags":[],"class_list":["post-722","post","type-post","status-publish","format-standard","hentry","category-anuncio","category-licitacion"],"acf":[],"_links":{"self":[{"href":"https:\/\/contratacion.almunecar.es\/index.php?rest_route=\/wp\/v2\/posts\/722","targetHints":{"allow":["GET"]}}],"collection":[{"href":"https:\/\/contratacion.almunecar.es\/index.php?rest_route=\/wp\/v2\/posts"}],"about":[{"href":"https:\/\/contratacion.almunecar.es\/index.php?rest_route=\/wp\/v2\/types\/post"}],"author":[{"embeddable":true,"href":"https:\/\/contratacion.almunecar.es\/index.php?rest_route=\/wp\/v2\/users\/2"}],"replies":[{"embeddable":true,"href":"https:\/\/contratacion.almunecar.es\/index.php?rest_route=%2Fwp%2Fv2%2Fcomments&post=722"}],"version-history":[{"count":2,"href":"https:\/\/contratacion.almunecar.es\/index.php?rest_route=\/wp\/v2\/posts\/722\/revisions"}],"predecessor-version":[{"id":1059,"href":"https:\/\/contratacion.almunecar.es\/index.php?rest_route=\/wp\/v2\/posts\/722\/revisions\/1059"}],"wp:attachment":[{"href":"https:\/\/contratacion.almunecar.es\/index.php?rest_route=%2Fwp%2Fv2%2Fmedia&parent=722"}],"wp:term":[{"taxonomy":"category","embeddable":true,"href":"https:\/\/contratacion.almunecar.es\/index.php?rest_route=%2Fwp%2Fv2%2Fcategories&post=722"},{"taxonomy":"post_tag","embeddable":true,"href":"https:\/\/contratacion.almunecar.es\/index.php?rest_route=%2Fwp%2Fv2%2Ftags&post=722"}],"curies":[{"name":"wp","href":"https:\/\/api.w.org\/{rel}","templated":true}]}}