{"id":716,"date":"2018-05-18T11:31:15","date_gmt":"2018-05-18T09:31:15","guid":{"rendered":"http:\/\/contratacion.almunecar.es\/?p=716"},"modified":"2019-12-23T12:32:30","modified_gmt":"2019-12-23T10:32:30","slug":"expte-51-2018-gestiona-2979-2018-concesion-de-uso-privativo-de-local-numero-uno-de-los-bajos-del-fenicio-en-almunecar","status":"publish","type":"post","link":"https:\/\/contratacion.almunecar.es\/?p=716","title":{"rendered":"EXPTE 51\/2018 (GESTIONA 2979\/2018) CONCESI\u00d3N DE USO PRIVATIVO DE LOCAL N\u00daMERO UNO DE LOS BAJOS DEL FENICIO EN ALMU\u00d1\u00c9CAR"},"content":{"rendered":"<p><a href=\"http:\/\/contratacion.almunecar.es\/wp-content\/uploads\/2018\/05\/CITACION-MESA-DE-CONTRATACION.pdf\">CITACION MESA DE CONTRATACION<\/a><\/p>\n<p><a href=\"http:\/\/contratacion.almunecar.es\/wp-content\/uploads\/2018\/05\/Expte.-51-2018-Anuncio-BOP-Local-Bajos-Fenicio-Local-1.pdf\">Expte. 51-2018 Anuncio BOP Local Bajos Fenicio Local 1<\/a><\/p>\n<p><a href=\"http:\/\/contratacion.almunecar.es\/wp-content\/uploads\/2018\/05\/PLIEGO-ADMINISTRATIVO-CONCESI\u00d3N-LOCAL-1-BAJOS-FENICIO.pdf\">PLIEGO ADMINISTRATIVO CONCESI\u00d3N LOCAL 1 BAJOS FENICIO<\/a><\/p>\n<p><a href=\"http:\/\/contratacion.almunecar.es\/wp-content\/uploads\/2018\/05\/Pliego-t\u00e9cnico-Local-1.pdf\">Pliego t\u00e9cnico Local 1<\/a><\/p>\n<p>10\/04\/2019 <a href=\"http:\/\/contratacion.almunecar.es\/wp-content\/uploads\/2018\/05\/CERTIFICADOSPLENOOrd.-18\u00ba-Exp.-2979_2018-Local-1-Bajos-Feniio-1.pdf\">CERTIFICADOSPLENO;Ord. 18\u00ba; Exp. 2979_2018; Local 1 Bajos Feniio<\/a><\/p>\n","protected":false},"excerpt":{"rendered":"<p>CITACION MESA DE CONTRATACION Expte. 51-2018 Anuncio BOP Local Bajos Fenicio Local 1 PLIEGO ADMINISTRATIVO CONCESI\u00d3N LOCAL 1 BAJOS FENICIO Pliego t\u00e9cnico Local 1 10\/04\/2019 CERTIFICADOSPLENO;Ord. 18\u00ba; Exp. 2979_2018; Local 1 Bajos Feniio<\/p>\n","protected":false},"author":2,"featured_media":0,"comment_status":"closed","ping_status":"closed","sticky":false,"template":"","format":"standard","meta":{"_acf_changed":false,"footnotes":""},"categories":[3,4],"tags":[],"class_list":["post-716","post","type-post","status-publish","format-standard","hentry","category-anuncio","category-licitacion"],"acf":[],"_links":{"self":[{"href":"https:\/\/contratacion.almunecar.es\/index.php?rest_route=\/wp\/v2\/posts\/716","targetHints":{"allow":["GET"]}}],"collection":[{"href":"https:\/\/contratacion.almunecar.es\/index.php?rest_route=\/wp\/v2\/posts"}],"about":[{"href":"https:\/\/contratacion.almunecar.es\/index.php?rest_route=\/wp\/v2\/types\/post"}],"author":[{"embeddable":true,"href":"https:\/\/contratacion.almunecar.es\/index.php?rest_route=\/wp\/v2\/users\/2"}],"replies":[{"embeddable":true,"href":"https:\/\/contratacion.almunecar.es\/index.php?rest_route=%2Fwp%2Fv2%2Fcomments&post=716"}],"version-history":[{"count":5,"href":"https:\/\/contratacion.almunecar.es\/index.php?rest_route=\/wp\/v2\/posts\/716\/revisions"}],"predecessor-version":[{"id":2018,"href":"https:\/\/contratacion.almunecar.es\/index.php?rest_route=\/wp\/v2\/posts\/716\/revisions\/2018"}],"wp:attachment":[{"href":"https:\/\/contratacion.almunecar.es\/index.php?rest_route=%2Fwp%2Fv2%2Fmedia&parent=716"}],"wp:term":[{"taxonomy":"category","embeddable":true,"href":"https:\/\/contratacion.almunecar.es\/index.php?rest_route=%2Fwp%2Fv2%2Fcategories&post=716"},{"taxonomy":"post_tag","embeddable":true,"href":"https:\/\/contratacion.almunecar.es\/index.php?rest_route=%2Fwp%2Fv2%2Ftags&post=716"}],"curies":[{"name":"wp","href":"https:\/\/api.w.org\/{rel}","templated":true}]}}