{"id":7055,"date":"2023-12-04T15:22:09","date_gmt":"2023-12-04T13:22:09","guid":{"rendered":"https:\/\/contratacion.almunecar.es\/?p=7055"},"modified":"2023-12-04T15:22:09","modified_gmt":"2023-12-04T13:22:09","slug":"expte-86-2023-gestiona-6460-2023-suministro-de-vehiculo-nuevo-tipo-camioneta-para-el-servicio-de-la-herradura-del-ayuntamiento-de-almunecar","status":"publish","type":"post","link":"https:\/\/contratacion.almunecar.es\/?p=7055","title":{"rendered":"Expte. 86\/2023 (Gestiona 6460\/2023) : Suministro de veh\u00edculo nuevo tipo camioneta para el Servicio de La Herradura del Ayuntamiento de Almu\u00f1\u00e9car."},"content":{"rendered":"<p>4\/12\/2023 <a href=\"https:\/\/contratacion.almunecar.es\/wp-content\/uploads\/2023\/12\/Informe-Necesidad-Suministro-veh\u00edculo-La-herradura-1.pdf\">Informe Necesidad Suministro veh\u00edculo La herradura (1)<\/a><\/p>\n<p>4\/12\/2023 <a href=\"https:\/\/contratacion.almunecar.es\/wp-content\/uploads\/2023\/12\/DECLARACION-RESPONSABLE-COMPLEMENTARIA-PARA-PERSONAS-FISICAS.docx\">DECLARACION RESPONSABLE COMPLEMENTARIA PARA PERSONAS FISICAS<\/a><\/p>\n<p>4\/12\/2023 <a href=\"https:\/\/contratacion.almunecar.es\/wp-content\/uploads\/2023\/12\/DECLARACION-RESPONSABLE-COMPLEMENTARIA-PARA-PERSONAS-JURIDICAS.docx\">DECLARACION RESPONSABLE COMPLEMENTARIA PARA PERSONAS JURIDICAS<\/a><\/p>\n<p>Para la presentaci\u00f3n de ofertas es necesario presentar el presupuesto y la declaraci\u00f3n responsable (de persona f\u00edsica o jur\u00eddica), a trav\u00e9s de la sede electr\u00f3nica del Ayuntamiento de Almu\u00f1\u00e9car.<\/p>\n<p>&nbsp;<\/p>\n","protected":false},"excerpt":{"rendered":"<p>4\/12\/2023 Informe Necesidad Suministro veh\u00edculo La herradura (1) 4\/12\/2023 DECLARACION RESPONSABLE COMPLEMENTARIA PARA PERSONAS FISICAS 4\/12\/2023 DECLARACION RESPONSABLE COMPLEMENTARIA PARA PERSONAS JURIDICAS Para la presentaci\u00f3n de ofertas es necesario presentar el presupuesto y la declaraci\u00f3n responsable (de persona f\u00edsica o jur\u00eddica), a trav\u00e9s de la sede electr\u00f3nica del Ayuntamiento de Almu\u00f1\u00e9car. &nbsp;<\/p>\n","protected":false},"author":5,"featured_media":0,"comment_status":"closed","ping_status":"closed","sticky":false,"template":"","format":"standard","meta":{"_acf_changed":false,"footnotes":""},"categories":[10],"tags":[],"class_list":["post-7055","post","type-post","status-publish","format-standard","hentry","category-menores"],"acf":[],"_links":{"self":[{"href":"https:\/\/contratacion.almunecar.es\/index.php?rest_route=\/wp\/v2\/posts\/7055","targetHints":{"allow":["GET"]}}],"collection":[{"href":"https:\/\/contratacion.almunecar.es\/index.php?rest_route=\/wp\/v2\/posts"}],"about":[{"href":"https:\/\/contratacion.almunecar.es\/index.php?rest_route=\/wp\/v2\/types\/post"}],"author":[{"embeddable":true,"href":"https:\/\/contratacion.almunecar.es\/index.php?rest_route=\/wp\/v2\/users\/5"}],"replies":[{"embeddable":true,"href":"https:\/\/contratacion.almunecar.es\/index.php?rest_route=%2Fwp%2Fv2%2Fcomments&post=7055"}],"version-history":[{"count":1,"href":"https:\/\/contratacion.almunecar.es\/index.php?rest_route=\/wp\/v2\/posts\/7055\/revisions"}],"predecessor-version":[{"id":7059,"href":"https:\/\/contratacion.almunecar.es\/index.php?rest_route=\/wp\/v2\/posts\/7055\/revisions\/7059"}],"wp:attachment":[{"href":"https:\/\/contratacion.almunecar.es\/index.php?rest_route=%2Fwp%2Fv2%2Fmedia&parent=7055"}],"wp:term":[{"taxonomy":"category","embeddable":true,"href":"https:\/\/contratacion.almunecar.es\/index.php?rest_route=%2Fwp%2Fv2%2Fcategories&post=7055"},{"taxonomy":"post_tag","embeddable":true,"href":"https:\/\/contratacion.almunecar.es\/index.php?rest_route=%2Fwp%2Fv2%2Ftags&post=7055"}],"curies":[{"name":"wp","href":"https:\/\/api.w.org\/{rel}","templated":true}]}}