{"id":6947,"date":"2023-11-22T12:13:25","date_gmt":"2023-11-22T10:13:25","guid":{"rendered":"https:\/\/contratacion.almunecar.es\/?p=6947"},"modified":"2023-11-22T12:13:25","modified_gmt":"2023-11-22T10:13:25","slug":"expte-144-2023-gestiona-11172-2023-alquiler-de-carrozas-personalizadas-para-cabalgata-de-reyes-magos-el-dia-5-de-enero-de-2024","status":"publish","type":"post","link":"https:\/\/contratacion.almunecar.es\/?p=6947","title":{"rendered":"Expte. 144\/2023 Gestiona 11172\/2023. Alquiler de carrozas personalizadas para Cabalgata de Reyes Magos, el d\u00eda 5 de enero de 2024."},"content":{"rendered":"<p>22\/11\/2023 <a href=\"https:\/\/contratacion.almunecar.es\/wp-content\/uploads\/2023\/11\/INFORME-MOTIVANDO-LA-NECESIDAD-suministro-5-carrozas-cabalgata-Reyes-Magos.pdf\">INFORME MOTIVANDO LA NECESIDAD suministro 5 carrozas cabalgata Reyes Magos<\/a><\/p>\n<p>22\/11\/2023 <a href=\"https:\/\/contratacion.almunecar.es\/wp-content\/uploads\/2023\/11\/DECLARACION-RESPONSABLE-COMPLEMENTARIA-PARA-PERSONAS-JURIDICAS.docx\">DECLARACION RESPONSABLE COMPLEMENTARIA PARA PERSONAS JURIDICAS<\/a><\/p>\n<p>22\/11\/2023 <a href=\"https:\/\/contratacion.almunecar.es\/wp-content\/uploads\/2023\/11\/DECLARACION-RESPONSABLE-COMPLEMENTARIA-PARA-PERSONAS-FISICAS.docx\">DECLARACION RESPONSABLE COMPLEMENTARIA PARA PERSONAS FISICAS<\/a><\/p>\n<p>Para la presentaci\u00f3n de ofertas es necesario presentar presupuesto y la declaraci\u00f3n responsable firmada (persona f\u00edsica o jur\u00eddica), a trav\u00e9s de la sede electr\u00f3nica del Ayuntamiento de Almu\u00f1\u00e9car.<\/p>\n","protected":false},"excerpt":{"rendered":"<p>22\/11\/2023 INFORME MOTIVANDO LA NECESIDAD suministro 5 carrozas cabalgata Reyes Magos 22\/11\/2023 DECLARACION RESPONSABLE COMPLEMENTARIA PARA PERSONAS JURIDICAS 22\/11\/2023 DECLARACION RESPONSABLE COMPLEMENTARIA PARA PERSONAS FISICAS Para la presentaci\u00f3n de ofertas es necesario presentar presupuesto y la declaraci\u00f3n responsable firmada (persona f\u00edsica o jur\u00eddica), a trav\u00e9s de la sede electr\u00f3nica del Ayuntamiento de Almu\u00f1\u00e9car.<\/p>\n","protected":false},"author":5,"featured_media":0,"comment_status":"closed","ping_status":"closed","sticky":false,"template":"","format":"standard","meta":{"_acf_changed":false,"footnotes":""},"categories":[3,10,4],"tags":[],"class_list":["post-6947","post","type-post","status-publish","format-standard","hentry","category-anuncio","category-menores","category-licitacion"],"acf":[],"_links":{"self":[{"href":"https:\/\/contratacion.almunecar.es\/index.php?rest_route=\/wp\/v2\/posts\/6947","targetHints":{"allow":["GET"]}}],"collection":[{"href":"https:\/\/contratacion.almunecar.es\/index.php?rest_route=\/wp\/v2\/posts"}],"about":[{"href":"https:\/\/contratacion.almunecar.es\/index.php?rest_route=\/wp\/v2\/types\/post"}],"author":[{"embeddable":true,"href":"https:\/\/contratacion.almunecar.es\/index.php?rest_route=\/wp\/v2\/users\/5"}],"replies":[{"embeddable":true,"href":"https:\/\/contratacion.almunecar.es\/index.php?rest_route=%2Fwp%2Fv2%2Fcomments&post=6947"}],"version-history":[{"count":1,"href":"https:\/\/contratacion.almunecar.es\/index.php?rest_route=\/wp\/v2\/posts\/6947\/revisions"}],"predecessor-version":[{"id":6953,"href":"https:\/\/contratacion.almunecar.es\/index.php?rest_route=\/wp\/v2\/posts\/6947\/revisions\/6953"}],"wp:attachment":[{"href":"https:\/\/contratacion.almunecar.es\/index.php?rest_route=%2Fwp%2Fv2%2Fmedia&parent=6947"}],"wp:term":[{"taxonomy":"category","embeddable":true,"href":"https:\/\/contratacion.almunecar.es\/index.php?rest_route=%2Fwp%2Fv2%2Fcategories&post=6947"},{"taxonomy":"post_tag","embeddable":true,"href":"https:\/\/contratacion.almunecar.es\/index.php?rest_route=%2Fwp%2Fv2%2Ftags&post=6947"}],"curies":[{"name":"wp","href":"https:\/\/api.w.org\/{rel}","templated":true}]}}