{"id":6917,"date":"2023-11-16T15:02:40","date_gmt":"2023-11-16T13:02:40","guid":{"rendered":"https:\/\/contratacion.almunecar.es\/?p=6917"},"modified":"2024-03-04T09:32:28","modified_gmt":"2024-03-04T07:32:28","slug":"expte-70b-2023-gest-5538-2023-servicios-socio-educativos-y-de-comedor-en-las-escuelas-infantiles-municipales-de-almunecar","status":"publish","type":"post","link":"https:\/\/contratacion.almunecar.es\/?p=6917","title":{"rendered":"Expte. 70B\/2023 (Gest 5538\/2023): Servicios Socio-Educativos y de Comedor en las Escuelas Infantiles Municipales de Almu\u00f1\u00e9car."},"content":{"rendered":"<p>16\/11\/2023 <a href=\"https:\/\/contratacion.almunecar.es\/wp-content\/uploads\/2023\/11\/INFORME-DE-NECESIDAD-1.pdf\">INFORME DE NECESIDAD<\/a><\/p>\n<p>16\/11\/2023 <a href=\"https:\/\/contratacion.almunecar.es\/wp-content\/uploads\/2023\/11\/INFORME-NO-DIVISION-DE-ESCUELAS-INFANTILES.pdf\">INFORME NO DIVISION DE ESCUELAS INFANTILES<\/a><\/p>\n<p>16\/11\/2023 <a href=\"https:\/\/contratacion.almunecar.es\/wp-content\/uploads\/2023\/11\/MEMORIA-JUSTIFICATIVA-1.pdf\">MEMORIA JUSTIFICATIVA<\/a><\/p>\n<p>16\/11\/2023 <a href=\"https:\/\/contratacion.almunecar.es\/wp-content\/uploads\/2023\/11\/Pliego-Prescripciones-Tecnicas-23-5-23.pdf\">Pliego Prescripciones Tecnicas 23-5-23<\/a><\/p>\n<p>16\/11\/2023 <a href=\"https:\/\/contratacion.almunecar.es\/wp-content\/uploads\/2023\/11\/PLIEGO-ADMINISTRATIVO-SERVICIOS-EDUCATIVOS-EI-MUNICIPALES.pdf\">PLIEGO ADMINISTRATIVO SERVICIOS EDUCATIVOS EI MUNICIPALES<\/a><\/p>\n<p>16\/11\/2023 <a href=\"https:\/\/contratacion.almunecar.es\/wp-content\/uploads\/2023\/11\/RA-DECLARACION-DESIERTO-E-INICIACION-DE-NUEVO-EXPTE-SERVICIOS-ESCUELAS-INF.pdf\">RA DECLARACION DESIERTO E INICIACION DE NUEVO EXPTE SERVICIOS ESCUELAS INF<\/a><\/p>\n<p>16\/11\/2023 <a href=\"https:\/\/contratacion.almunecar.es\/wp-content\/uploads\/2023\/11\/PLACSP-ANUNCIO-LICITACI\u00d3N-SERVICIO-SOCIO-EDUCATIVO-ESCUELAS-INFANTILES.pdf\">PLACSP &#8211; ANUNCIO LICITACI\u00d3N SERVICIO SOCIO-EDUCATIVO ESCUELAS INFANTILES<\/a><\/p>\n<p>16\/11\/2023 <a href=\"https:\/\/contratacion.almunecar.es\/wp-content\/uploads\/2023\/11\/PLACSP-DOCUMENTO-PLIEGOS-SERVICIO-SOCIO-EDUCATIVO-ESCUELAS-INFANTILES.pdf\">PLACSP &#8211; DOCUMENTO PLIEGOS SERVICIO SOCIO-EDUCATIVO ESCUELAS INFANTILES<\/a><\/p>\n<p>Para m\u00e1s informaci\u00f3n y presentaci\u00f3n de Ofertas: <a href=\"https:\/\/contrataciondelestado.es\/wps\/poc?uri=deeplink:detalle_licitacion&amp;idEvl=Atftu%2FELp23pxJFXpLZ%2B2A%3D%3D\">click aqu\u00ed<\/a><\/p>\n<p>La presentaci\u00f3n de ofertas ser\u00e1 hasta el d\u00eda 27\/11\/2023 a las 11:00 horas.<\/p>\n<p>5\/12\/2023 <a href=\"https:\/\/contratacion.almunecar.es\/wp-content\/uploads\/2023\/11\/CITACION-MESA-DE-CONTRATACION-2023-12-12-1.pdf\">CITACION MESA DE CONTRATACION 2023-12-12<\/a><\/p>\n<p>14\/12\/2023 <a href=\"https:\/\/contratacion.almunecar.es\/wp-content\/uploads\/2023\/11\/ACTA-MESA-DE-CONTRATACION-2023-12-12-1.pdf\">ACTA MESA DE CONTRATACION 2023-12-12<\/a><\/p>\n<p>09\/01\/2024 <a href=\"https:\/\/contratacion.almunecar.es\/wp-content\/uploads\/2023\/11\/RA-REQUER-DE-DOC-SERVICIOS-ESCUELAS-INFANTILES-AL-ALBA-ESE-SL.pdf\">RA REQUER DE DOC SERVICIOS ESCUELAS INFANTILES &#8211; AL ALBA ESE SL<\/a><\/p>\n<p>09\/01\/2024 <a href=\"https:\/\/contratacion.almunecar.es\/wp-content\/uploads\/2023\/11\/RA-RECTIF-REQUER-DE-DOC-SERVICIOS-ESCUELAS-INFANTILES-AL-ALBA-ESE-SL.pdf\">RA RECTIF REQUER DE DOC SERVICIOS ESCUELAS INFANTILES &#8211; AL ALBA ESE SL<\/a><\/p>\n<p>09\/01\/2024 <a href=\"https:\/\/contratacion.almunecar.es\/wp-content\/uploads\/2023\/11\/PLACSP-COMUNIC-REQUER-DE-DOC-SERVICIOS-ESCUELAS-INFANTILES-AL-ALBA-ESE-SL.pdf\">PLACSP &#8211; COMUNIC REQUER DE DOC SERVICIOS ESCUELAS INFANTILES &#8211; AL ALBA ESE SL<\/a><\/p>\n<p>01\/02\/2024 <a href=\"https:\/\/contratacion.almunecar.es\/wp-content\/uploads\/2023\/11\/RA-ADJUDICACION-SERVICIOS-ESCUELAS-INFANTILES-AL-ALBA-ESE-SL.pdf\">RA ADJUDICACION SERVICIOS ESCUELAS INFANTILES &#8211; AL ALBA ESE SL<\/a><\/p>\n<p>01\/02\/2024 <a href=\"https:\/\/contratacion.almunecar.es\/wp-content\/uploads\/2023\/11\/PLACSP-ADJUDICACION-SERV-ESCUELAS-INFANTILES-AL-ALBA-ESE-SL.pdf\">PLACSP &#8211; ADJUDICACION SERV ESCUELAS INFANTILES &#8211; AL ALBA ESE SL<\/a><\/p>\n<p>04\/03\/2024 <a href=\"https:\/\/contratacion.almunecar.es\/wp-content\/uploads\/2023\/11\/PLACSP-FORMALIZACI\u00d3N-EXPTE.-SERVICIOS-SOCIO-EDUCATIVOS-Y-COMEDOR-EN-ESCUELAS-INFANTILES.pdf\">PLACSP &#8211; FORMALIZACI\u00d3N EXPTE. SERVICIOS SOCIO-EDUCATIVOS Y COMEDOR EN ESCUELAS INFANTILES<\/a><\/p>\n<p>&nbsp;<\/p>\n<p>&nbsp;<\/p>\n","protected":false},"excerpt":{"rendered":"<p>16\/11\/2023 INFORME DE NECESIDAD 16\/11\/2023 INFORME NO DIVISION DE ESCUELAS INFANTILES 16\/11\/2023 MEMORIA JUSTIFICATIVA 16\/11\/2023 Pliego Prescripciones Tecnicas 23-5-23 16\/11\/2023 PLIEGO ADMINISTRATIVO SERVICIOS EDUCATIVOS EI MUNICIPALES 16\/11\/2023 RA DECLARACION DESIERTO E INICIACION DE NUEVO EXPTE SERVICIOS ESCUELAS INF 16\/11\/2023 PLACSP &#8211; ANUNCIO LICITACI\u00d3N SERVICIO SOCIO-EDUCATIVO ESCUELAS INFANTILES 16\/11\/2023 PLACSP &#8211; DOCUMENTO PLIEGOS SERVICIO SOCIO-EDUCATIVO ESCUELAS&hellip; <br \/> <a class=\"button small blue\" href=\"https:\/\/contratacion.almunecar.es\/?p=6917\">Leer m\u00e1s<\/a><\/p>\n","protected":false},"author":5,"featured_media":0,"comment_status":"closed","ping_status":"closed","sticky":false,"template":"","format":"standard","meta":{"_acf_changed":false,"footnotes":""},"categories":[5,3,7,12,4],"tags":[],"class_list":["post-6917","post","type-post","status-publish","format-standard","hentry","category-adjudicacion_final","category-anuncio","category-formalizacion","category-formalizacion-de-contrato","category-licitacion"],"acf":[],"_links":{"self":[{"href":"https:\/\/contratacion.almunecar.es\/index.php?rest_route=\/wp\/v2\/posts\/6917","targetHints":{"allow":["GET"]}}],"collection":[{"href":"https:\/\/contratacion.almunecar.es\/index.php?rest_route=\/wp\/v2\/posts"}],"about":[{"href":"https:\/\/contratacion.almunecar.es\/index.php?rest_route=\/wp\/v2\/types\/post"}],"author":[{"embeddable":true,"href":"https:\/\/contratacion.almunecar.es\/index.php?rest_route=\/wp\/v2\/users\/5"}],"replies":[{"embeddable":true,"href":"https:\/\/contratacion.almunecar.es\/index.php?rest_route=%2Fwp%2Fv2%2Fcomments&post=6917"}],"version-history":[{"count":7,"href":"https:\/\/contratacion.almunecar.es\/index.php?rest_route=\/wp\/v2\/posts\/6917\/revisions"}],"predecessor-version":[{"id":7444,"href":"https:\/\/contratacion.almunecar.es\/index.php?rest_route=\/wp\/v2\/posts\/6917\/revisions\/7444"}],"wp:attachment":[{"href":"https:\/\/contratacion.almunecar.es\/index.php?rest_route=%2Fwp%2Fv2%2Fmedia&parent=6917"}],"wp:term":[{"taxonomy":"category","embeddable":true,"href":"https:\/\/contratacion.almunecar.es\/index.php?rest_route=%2Fwp%2Fv2%2Fcategories&post=6917"},{"taxonomy":"post_tag","embeddable":true,"href":"https:\/\/contratacion.almunecar.es\/index.php?rest_route=%2Fwp%2Fv2%2Ftags&post=6917"}],"curies":[{"name":"wp","href":"https:\/\/api.w.org\/{rel}","templated":true}]}}