{"id":6890,"date":"2023-11-10T13:17:34","date_gmt":"2023-11-10T11:17:34","guid":{"rendered":"https:\/\/contratacion.almunecar.es\/?p=6890"},"modified":"2024-02-14T10:18:22","modified_gmt":"2024-02-14T08:18:22","slug":"expte-134-2023gest-9105-2023-concesion-administrativa-demanial-para-explotacion-del-local-no-4-rincon-del-mar-en-bajos-del-paseo-del-fenicio-en-almunecar","status":"publish","type":"post","link":"https:\/\/contratacion.almunecar.es\/?p=6890","title":{"rendered":"EXPTE. 134\/2023(GEST 9105\/2023) Concesi\u00f3n administrativa demanial para explotaci\u00f3n del local n\u00ba 4 (Rinc\u00f3n del Mar) en bajos del Paseo del Fenicio, en Almu\u00f1\u00e9car"},"content":{"rendered":"<p>10\/11\/2023\u00a0<a href=\"https:\/\/contratacion.almunecar.es\/wp-content\/uploads\/2023\/11\/Informe-necesidad-e-idoneidad-local-4-Bajos-del-Fenicio.pdf\">Informe necesidad e idoneidad local 4 Bajos del Fenicio<\/a><\/p>\n<p>10\/11\/2023 <a href=\"https:\/\/contratacion.almunecar.es\/wp-content\/uploads\/2023\/11\/ESTUDIO-DE-VALORACION-CONCESION-LOCAL-N-4-RINCON-DEL-MAR.pdf\">ESTUDIO DE VALORACION CONCESION LOCAL N 4 RINCON DEL MAR<\/a><\/p>\n<p>10\/11\/2023 <a href=\"https:\/\/contratacion.almunecar.es\/wp-content\/uploads\/2023\/11\/PLIEGO-ADMINISTRATIVO-CONCESION-LOCAL-4-BAJOS-FENICIO.pdf\">PLIEGO ADMINISTRATIVO CONCESION LOCAL 4 BAJOS FENICIO<\/a><\/p>\n<p>10\/11\/2023 <a href=\"https:\/\/contratacion.almunecar.es\/wp-content\/uploads\/2023\/11\/PLIEGO-DE-CONDICIONES-TECNICAS-LOCAL-4-DE-BAJOS-DEL-FENICIO.pdf\">PLIEGO DE CONDICIONES TECNICAS LOCAL 4 DE BAJOS DEL FENICIO<\/a><\/p>\n<p>10\/11\/2023 <a href=\"https:\/\/contratacion.almunecar.es\/wp-content\/uploads\/2023\/11\/PLIEGO-DE-CONDICIONES-TECNICAS-LOCAL-4-DE-BAJOS-DEL-FENICIO-1.pdf\">PLIEGO DE CONDICIONES TECNICAS LOCAL 4 DE BAJOS DEL FENICIO<\/a><\/p>\n<p>10\/11\/2023 <a href=\"https:\/\/contratacion.almunecar.es\/wp-content\/uploads\/2023\/11\/RESOLUCION-APROB-E-INIC-CONCESION-EXPLOTACION-LOCAL-N-4-FENICIO-RINCON-DEL-MAR.pdf\">RESOLUCION APROB E INIC CONCESION EXPLOTACION LOCAL N 4 FENICIO RINCON DEL MAR<\/a><\/p>\n<p>10\/11\/2023 <a href=\"https:\/\/contratacion.almunecar.es\/wp-content\/uploads\/2023\/11\/PLACSP-ANUNCIO-LICITACI\u00d3N-CONCESI\u00d3N-LOCAL-N\u00ba-4-FENICIO-RINC\u00d3N-DEL-MAR.pdf\">PLACSP &#8211; ANUNCIO LICITACI\u00d3N CONCESI\u00d3N LOCAL N\u00ba 4 FENICIO (RINC\u00d3N DEL MAR)<\/a><\/p>\n<p>10\/11\/2023 <a href=\"https:\/\/contratacion.almunecar.es\/wp-content\/uploads\/2023\/11\/PLACSP-DOCUMENTO-PLIEGOS-CONCESI\u00d3N-LOCAL-N\u00ba-4-FENICIO-RINC\u00d3N-DEL-MAR.pdf\">PLACSP &#8211; DOCUMENTO PLIEGOS CONCESI\u00d3N LOCAL N\u00ba 4 FENICIO (RINC\u00d3N DEL MAR)<\/a><\/p>\n<p>Para m\u00e1s informaci\u00f3n y presentaci\u00f3n de Ofertas: <a href=\"https:\/\/contrataciondelestado.es\/wps\/poc?uri=deeplink%3Adetalle_licitacion&amp;idEvl=uyEHsjGO0%2BrI8aL3PRS10Q%3D%3D\">click aqu\u00ed<\/a><\/p>\n<p>Las ofertas se podr\u00e1n presentar hasta el d\u00eda 11\/12\/2023 a las 11:00 horas.<\/p>\n<p>5\/12\/2023 <a href=\"https:\/\/contratacion.almunecar.es\/wp-content\/uploads\/2023\/11\/CITACION-MESA-DE-CONTRATACION-2023-12-12-2.pdf\">CITACION MESA DE CONTRATACION 2023-12-12<\/a><\/p>\n<p>14\/12\/2023 <a href=\"https:\/\/contratacion.almunecar.es\/wp-content\/uploads\/2023\/11\/ACTA-MESA-DE-CONTRATACION-2023-12-12-2.pdf\">ACTA MESA DE CONTRATACION 2023-12-12<\/a><\/p>\n<p>21\/12\/2023 <a href=\"https:\/\/contratacion.almunecar.es\/wp-content\/uploads\/2023\/11\/R.A.-REQUERIMIENTO-DOCUMENTACI\u00d3N-RINCON-DEL-MAR-JAIME-TRAINERA-PLAYA.pdf\">R.A. REQUERIMIENTO DOCUMENTACI\u00d3N RINCON DEL MAR &#8211; JAIME TRAINERA PLAYA<\/a><\/p>\n<p>21\/12\/2023 <a href=\"https:\/\/contratacion.almunecar.es\/wp-content\/uploads\/2023\/11\/PLACSP-COMUNICACION-REQUERIMIENTO-DOCUMENTACION-RINCON-DEL-MAR-JAIME-TRAINERA-PLAYA.pdf\">PLACSP &#8211; COMUNICACION REQUERIMIENTO DOCUMENTACION RINCON DEL MAR &#8211; JAIME TRAINERA PLAYA<\/a><\/p>\n<p>12\/01\/2024 <a href=\"https:\/\/contratacion.almunecar.es\/wp-content\/uploads\/2023\/11\/RA-ADJUDICACION-RINCON-DEL-MAR-JAIME-TRAINERA-PLAYA.pdf\">RA ADJUDICACION RINCON DEL MAR &#8211; JAIME TRAINERA PLAYA<\/a><\/p>\n<p>12\/01\/2024 <a href=\"https:\/\/contratacion.almunecar.es\/wp-content\/uploads\/2023\/11\/PLACSP-ADJUDICACI\u00d3N-CONCESI\u00d3N-RINC\u00d3N-DEL-MAR.pdf\">PLACSP &#8211; ADJUDICACI\u00d3N CONCESI\u00d3N RINC\u00d3N DEL MAR<\/a><\/p>\n<p>14\/02\/2024 <a href=\"https:\/\/contratacion.almunecar.es\/wp-content\/uploads\/2023\/11\/PLACSP-FORMALIZACI\u00d3N-CONCESI\u00d3N-LOCAL-4-FENICIO.pdf\">PLACSP &#8211; FORMALIZACI\u00d3N CONCESI\u00d3N LOCAL 4 FENICIO<\/a><\/p>\n","protected":false},"excerpt":{"rendered":"<p>10\/11\/2023\u00a0Informe necesidad e idoneidad local 4 Bajos del Fenicio 10\/11\/2023 ESTUDIO DE VALORACION CONCESION LOCAL N 4 RINCON DEL MAR 10\/11\/2023 PLIEGO ADMINISTRATIVO CONCESION LOCAL 4 BAJOS FENICIO 10\/11\/2023 PLIEGO DE CONDICIONES TECNICAS LOCAL 4 DE BAJOS DEL FENICIO 10\/11\/2023 PLIEGO DE CONDICIONES TECNICAS LOCAL 4 DE BAJOS DEL FENICIO 10\/11\/2023 RESOLUCION APROB E INIC&hellip; <br \/> <a class=\"button small blue\" href=\"https:\/\/contratacion.almunecar.es\/?p=6890\">Leer m\u00e1s<\/a><\/p>\n","protected":false},"author":5,"featured_media":0,"comment_status":"closed","ping_status":"closed","sticky":false,"template":"","format":"standard","meta":{"_acf_changed":false,"footnotes":""},"categories":[5,3,7,12,4,1],"tags":[],"class_list":["post-6890","post","type-post","status-publish","format-standard","hentry","category-adjudicacion_final","category-anuncio","category-formalizacion","category-formalizacion-de-contrato","category-licitacion","category-sin_categoria"],"acf":[],"_links":{"self":[{"href":"https:\/\/contratacion.almunecar.es\/index.php?rest_route=\/wp\/v2\/posts\/6890","targetHints":{"allow":["GET"]}}],"collection":[{"href":"https:\/\/contratacion.almunecar.es\/index.php?rest_route=\/wp\/v2\/posts"}],"about":[{"href":"https:\/\/contratacion.almunecar.es\/index.php?rest_route=\/wp\/v2\/types\/post"}],"author":[{"embeddable":true,"href":"https:\/\/contratacion.almunecar.es\/index.php?rest_route=\/wp\/v2\/users\/5"}],"replies":[{"embeddable":true,"href":"https:\/\/contratacion.almunecar.es\/index.php?rest_route=%2Fwp%2Fv2%2Fcomments&post=6890"}],"version-history":[{"count":8,"href":"https:\/\/contratacion.almunecar.es\/index.php?rest_route=\/wp\/v2\/posts\/6890\/revisions"}],"predecessor-version":[{"id":7314,"href":"https:\/\/contratacion.almunecar.es\/index.php?rest_route=\/wp\/v2\/posts\/6890\/revisions\/7314"}],"wp:attachment":[{"href":"https:\/\/contratacion.almunecar.es\/index.php?rest_route=%2Fwp%2Fv2%2Fmedia&parent=6890"}],"wp:term":[{"taxonomy":"category","embeddable":true,"href":"https:\/\/contratacion.almunecar.es\/index.php?rest_route=%2Fwp%2Fv2%2Fcategories&post=6890"},{"taxonomy":"post_tag","embeddable":true,"href":"https:\/\/contratacion.almunecar.es\/index.php?rest_route=%2Fwp%2Fv2%2Ftags&post=6890"}],"curies":[{"name":"wp","href":"https:\/\/api.w.org\/{rel}","templated":true}]}}