{"id":6881,"date":"2023-11-10T12:46:21","date_gmt":"2023-11-10T10:46:21","guid":{"rendered":"https:\/\/contratacion.almunecar.es\/?p=6881"},"modified":"2024-02-15T09:29:05","modified_gmt":"2024-02-15T07:29:05","slug":"concesion-administrativa-demanial-para-la-explotacion-del-local-no10-versatil-sito-en-los-bajos-del-paseo-del-altillo-de-almunecar","status":"publish","type":"post","link":"https:\/\/contratacion.almunecar.es\/?p=6881","title":{"rendered":"EXPTE 135\/2023 (GEST10130\/2023) Concesi\u00f3n administrativa demanial para la explotaci\u00f3n del Local N\u00ba10 (Vers\u00e1til), sito en los Bajos del Paseo del Altillo de Almu\u00f1\u00e9car."},"content":{"rendered":"<p>10\/11\/2023 <a href=\"https:\/\/contratacion.almunecar.es\/wp-content\/uploads\/2023\/11\/INFORME-DE-NECESIDAD-CONCESION-LOCAL-10-BAJOS-PASEO-ALTILLO.pdf\">INFORME DE NECESIDAD CONCESION LOCAL 10 BAJOS PASEO ALTILLO<\/a><\/p>\n<p>10\/11\/2023 <a href=\"https:\/\/contratacion.almunecar.es\/wp-content\/uploads\/2023\/11\/ESTUDIO-DE-VALORACION-CONCESION-LOCAL-N10-VERSATIL.pdf\">ESTUDIO DE VALORACION CONCESION LOCAL N10 VERSATIL<\/a><\/p>\n<p>10\/11\/2023 <a href=\"https:\/\/contratacion.almunecar.es\/wp-content\/uploads\/2023\/11\/RESOLUCION-INICIO-APROB-PLIEGOS-CONCESION-LOCAL-N-10-VERSATIL.pdf\">RESOLUCION INICIO APROB PLIEGOS CONCESION LOCAL N 10 VERSATIL<\/a><\/p>\n<p>10\/11\/2023 <a href=\"https:\/\/contratacion.almunecar.es\/wp-content\/uploads\/2023\/11\/PCAP-CONCESION-LOCAL-10-BAJOS-PASEO-ALTILLO.pdf\">PCAP CONCESION LOCAL 10 BAJOS PASEO ALTILLO<\/a><\/p>\n<p>10\/11\/2023 <a href=\"https:\/\/contratacion.almunecar.es\/wp-content\/uploads\/2023\/11\/PPTP-CONCESION-LOCAL-10-BAJOS-PASEO-ALTILLO.pdf\">PPTP CONCESION LOCAL 10 BAJOS PASEO ALTILLO<\/a><\/p>\n<p>10\/11\/2023 <a href=\"https:\/\/contratacion.almunecar.es\/wp-content\/uploads\/2023\/11\/PLACSP-ANUNCIO-LICITACI\u00d3N-CONCESI\u00d3N-LOCAL-N\u00ba-10-ALTILLO-VERS\u00c1TIL-10130-2023.pdf\">PLACSP &#8211; ANUNCIO LICITACI\u00d3N CONCESI\u00d3N LOCAL N\u00ba 10 ALTILLO VERS\u00c1TIL 10130-2023<\/a><\/p>\n<p>10\/11\/2023 <a href=\"https:\/\/contratacion.almunecar.es\/wp-content\/uploads\/2023\/11\/PLACSP-DOCUMENTO-PLIEGOS-CONCESI\u00d3N-LOCAL-N\u00ba-10-ALTILLO-VERS\u00c1TIL-10130-2023.pdf\">PLACSP &#8211; DOCUMENTO PLIEGOS CONCESI\u00d3N LOCAL N\u00ba 10 ALTILLO VERS\u00c1TIL 10130-2023<\/a><\/p>\n<p>Para m\u00e1s informaci\u00f3n y presentaci\u00f3n de Ofertas: <a href=\"https:\/\/contrataciondelestado.es\/wps\/poc?uri=deeplink%3Adetalle_licitacion&amp;idEvl=ZKrvSnP6qGfL1rX3q%2FMAPA%3D%3D\">click aqu\u00ed<\/a><\/p>\n<p>Las ofertas podr\u00e1n presentarse hasta el d\u00eda 11\/12\/2023 a las 11:00 horas.<\/p>\n<p>5\/12\/2023 <a href=\"https:\/\/contratacion.almunecar.es\/wp-content\/uploads\/2023\/11\/CITACION-MESA-DE-CONTRATACION-2023-12-12-3.pdf\">CITACION MESA DE CONTRATACION 2023-12-12<\/a><\/p>\n<p>14\/12\/2023 <a href=\"https:\/\/contratacion.almunecar.es\/wp-content\/uploads\/2023\/11\/ACTA-MESA-DE-CONTRATACION-2023-12-12-3.pdf\">ACTA MESA DE CONTRATACION 2023-12-12<\/a><\/p>\n<p>27\/12\/2023 <a href=\"https:\/\/contratacion.almunecar.es\/wp-content\/uploads\/2023\/11\/RA-REQUER-DOC-LOCAL-VERSATIL-ROSA-TAMARA-GOMEZ-M.pdf\">RA REQUER DOC LOCAL VERSATIL &#8211; ROSA TAMARA GOMEZ M<\/a><\/p>\n<p>27\/12\/2023 <a href=\"https:\/\/contratacion.almunecar.es\/wp-content\/uploads\/2023\/11\/PLACSP-COMUNIC-REQUER-DE-DOC-A-ROSA-TAMARA-GOMEZ-M.pdf\">PLACSP &#8211; COMUNIC REQUER DE DOC A ROSA TAMARA GOMEZ M<\/a><\/p>\n<p>30\/01\/2024 <a href=\"https:\/\/contratacion.almunecar.es\/wp-content\/uploads\/2023\/11\/RA-ADJUDICACION-LOCAL-VERSATIL-ROSA-TAMARA-GOMEZ-MUNOZ.pdf\">RA ADJUDICACION LOCAL VERSATIL &#8211; ROSA TAMARA GOMEZ MUNOZ<\/a><\/p>\n<p>30\/01\/2024 <a href=\"https:\/\/contratacion.almunecar.es\/wp-content\/uploads\/2023\/11\/PLACSP-ADJUDICACION-LOCAL-VERSATIL-ROSA-TAMARA-GOMEZ-MUNOZ.pdf\">PLACSP &#8211; ADJUDICACION LOCAL VERSATIL &#8211; ROSA TAMARA GOMEZ MUNOZ<\/a><\/p>\n<p>15\/02\/2024 <a href=\"https:\/\/contratacion.almunecar.es\/wp-content\/uploads\/2023\/11\/PLACSP-FORMALIZACI\u00d3N-CONCESI\u00d3N-LOCAL-10-ALTILLO.pdf\">PLACSP &#8211; FORMALIZACI\u00d3N CONCESI\u00d3N LOCAL 10 ALTILLO<\/a><\/p>\n<p>&nbsp;<\/p>\n","protected":false},"excerpt":{"rendered":"<p>10\/11\/2023 INFORME DE NECESIDAD CONCESION LOCAL 10 BAJOS PASEO ALTILLO 10\/11\/2023 ESTUDIO DE VALORACION CONCESION LOCAL N10 VERSATIL 10\/11\/2023 RESOLUCION INICIO APROB PLIEGOS CONCESION LOCAL N 10 VERSATIL 10\/11\/2023 PCAP CONCESION LOCAL 10 BAJOS PASEO ALTILLO 10\/11\/2023 PPTP CONCESION LOCAL 10 BAJOS PASEO ALTILLO 10\/11\/2023 PLACSP &#8211; ANUNCIO LICITACI\u00d3N CONCESI\u00d3N LOCAL N\u00ba 10 ALTILLO VERS\u00c1TIL&hellip; <br \/> <a class=\"button small blue\" href=\"https:\/\/contratacion.almunecar.es\/?p=6881\">Leer m\u00e1s<\/a><\/p>\n","protected":false},"author":5,"featured_media":0,"comment_status":"closed","ping_status":"closed","sticky":false,"template":"","format":"standard","meta":{"_acf_changed":false,"footnotes":""},"categories":[5,3,7,12,4],"tags":[],"class_list":["post-6881","post","type-post","status-publish","format-standard","hentry","category-adjudicacion_final","category-anuncio","category-formalizacion","category-formalizacion-de-contrato","category-licitacion"],"acf":[],"_links":{"self":[{"href":"https:\/\/contratacion.almunecar.es\/index.php?rest_route=\/wp\/v2\/posts\/6881","targetHints":{"allow":["GET"]}}],"collection":[{"href":"https:\/\/contratacion.almunecar.es\/index.php?rest_route=\/wp\/v2\/posts"}],"about":[{"href":"https:\/\/contratacion.almunecar.es\/index.php?rest_route=\/wp\/v2\/types\/post"}],"author":[{"embeddable":true,"href":"https:\/\/contratacion.almunecar.es\/index.php?rest_route=\/wp\/v2\/users\/5"}],"replies":[{"embeddable":true,"href":"https:\/\/contratacion.almunecar.es\/index.php?rest_route=%2Fwp%2Fv2%2Fcomments&post=6881"}],"version-history":[{"count":8,"href":"https:\/\/contratacion.almunecar.es\/index.php?rest_route=\/wp\/v2\/posts\/6881\/revisions"}],"predecessor-version":[{"id":7338,"href":"https:\/\/contratacion.almunecar.es\/index.php?rest_route=\/wp\/v2\/posts\/6881\/revisions\/7338"}],"wp:attachment":[{"href":"https:\/\/contratacion.almunecar.es\/index.php?rest_route=%2Fwp%2Fv2%2Fmedia&parent=6881"}],"wp:term":[{"taxonomy":"category","embeddable":true,"href":"https:\/\/contratacion.almunecar.es\/index.php?rest_route=%2Fwp%2Fv2%2Fcategories&post=6881"},{"taxonomy":"post_tag","embeddable":true,"href":"https:\/\/contratacion.almunecar.es\/index.php?rest_route=%2Fwp%2Fv2%2Ftags&post=6881"}],"curies":[{"name":"wp","href":"https:\/\/api.w.org\/{rel}","templated":true}]}}