{"id":6842,"date":"2023-11-02T15:48:09","date_gmt":"2023-11-02T13:48:09","guid":{"rendered":"https:\/\/contratacion.almunecar.es\/?p=6842"},"modified":"2023-12-04T09:20:31","modified_gmt":"2023-12-04T07:20:31","slug":"expte-129-2022-gest-9188-2022-suministro-de-portaferetros-para-el-cementerio-municipal-de-almunecar","status":"publish","type":"post","link":"https:\/\/contratacion.almunecar.es\/?p=6842","title":{"rendered":"EXPTE. 129\/2022 (GEST 9188\/2022): SUMINISTRO DE PORTAF\u00c9RETROS PARA EL CEMENTERIO MUNICIPAL DE ALMU\u00d1\u00c9CAR."},"content":{"rendered":"<p>02\/11\/2023 <a href=\"https:\/\/contratacion.almunecar.es\/wp-content\/uploads\/2023\/11\/INFORME-NECESIDAD-PORTAFERETROS-CEMENTERIO-ALMUNECAR.pdf\">INFORME NECESIDAD PORTAFERETROS CEMENTERIO ALMUNECAR<\/a><\/p>\n<p>02\/11\/2023 <a href=\"https:\/\/contratacion.almunecar.es\/wp-content\/uploads\/2023\/11\/INFORME-NO-DIVISION-EN-LOTES-PORTAFERETROS-CEMENTERIO.pdf\">INFORME NO DIVISION EN LOTES PORTAFERETROS CEMENTERIO<\/a><\/p>\n<p>02\/11\/2023 <a href=\"https:\/\/contratacion.almunecar.es\/wp-content\/uploads\/2023\/11\/MEMORIA-JUSTIFICATIVA-PORTAFERETROS.pdf\">MEMORIA JUSTIFICATIVA PORTAFERETROS<\/a><\/p>\n<p>02\/11\/2023 <a href=\"https:\/\/contratacion.almunecar.es\/wp-content\/uploads\/2023\/11\/PCAP-PORTAFERETROS-CEMENTERIO-ALMUNECAR.pdf\">PCAP PORTAFERETROS CEMENTERIO ALMUNECAR<\/a><\/p>\n<p>02\/11\/2023 <a href=\"https:\/\/contratacion.almunecar.es\/wp-content\/uploads\/2023\/11\/PPTP-PORTAFERETROS-CEMENTERIO-ALMUNECAR.pdf\">PPTP PORTAFERETROS CEMENTERIO ALMUNECAR<\/a><\/p>\n<p>02\/11\/2023 <a href=\"https:\/\/contratacion.almunecar.es\/wp-content\/uploads\/2023\/11\/RA-APROBACION-E-INICIACION-EXPTE-PORTAFERETROS.pdf\">RA APROBACION E INICIACION EXPTE PORTAFERETROS<\/a><\/p>\n<p>02\/11\/2023<a href=\"https:\/\/contratacion.almunecar.es\/wp-content\/uploads\/2023\/11\/PLACSP-ANUNCIO-DE-LICITACI\u00d3N-EXPTE-SUM.-PORTAFERETROS-CEMENTERIO-ALMU\u00d1\u00c9CAR.pdf\">PLACSP &#8211; ANUNCIO DE LICITACI\u00d3N EXPTE SUM. PORTAFERETROS CEMENTERIO ALMU\u00d1\u00c9CAR<\/a><\/p>\n<p>02\/11\/2023 <a href=\"https:\/\/contratacion.almunecar.es\/wp-content\/uploads\/2023\/11\/PLACSP-DOCUMENTO-DE-PLIEGOS-EXPTE-SUM.-PORTAFERETROS-CEMENTERIO-ALMU\u00d1\u00c9CAR.pdf\">PLACSP &#8211; DOCUMENTO DE PLIEGOS EXPTE SUM. PORTAFERETROS CEMENTERIO ALMU\u00d1\u00c9CAR<\/a><\/p>\n<p>*Las ofertas se podr\u00e1n presentar a trav\u00e9s de PLACSP, hasta el d\u00eda 17 de noviembre de 2023, 11:00 horas.<\/p>\n<p>Para m\u00e1s informaci\u00f3n y presentaci\u00f3n de Ofertas: <a href=\"https:\/\/contrataciondelestado.es\/wps\/poc?uri=deeplink%3Adetalle_licitacion&amp;idEvl=nG7UXqAnvSxVkTabT%2FRM8A%3D%3D\">click aqu\u00ed<\/a><\/p>\n<p>17\/11\/2023 <a href=\"https:\/\/contratacion.almunecar.es\/wp-content\/uploads\/2023\/11\/CITACION-MESA-DE-CONTRATACION-2023-11-21.pdf\">CITACION MESA DE CONTRATACION 2023-11-21<\/a><\/p>\n<p>29\/11\/2023 <a href=\"https:\/\/contratacion.almunecar.es\/wp-content\/uploads\/2023\/11\/ACTA-MESA-DE-CONTRATACION-2023-11-21.pdf\">ACTA MESA DE CONTRATACION 2023-11-21<\/a><\/p>\n<p>1\/12\/2023 <a href=\"https:\/\/contratacion.almunecar.es\/wp-content\/uploads\/2023\/11\/RA-ADJUDICACION-SUMINISTRO-PORTAFERETRO-CEMENTERIO.pdf\">RA ADJUDICACION SUMINISTRO PORTAFERETRO CEMENTERIO<\/a><\/p>\n<p>1\/12\/2023 <a href=\"https:\/\/contratacion.almunecar.es\/wp-content\/uploads\/2023\/11\/PLACSP-ADJUDICACI\u00d3N-PORTAF\u00c9RETROS-CEMENTERIO-COMERCIAL-PE\u00d1A\u00c7.pdf\">PLACSP &#8211; ADJUDICACI\u00d3N PORTAF\u00c9RETROS CEMENTERIO &#8211; COMERCIAL PE\u00d1A\u00c7<\/a><\/p>\n<p>4\/12\/2023 <a href=\"https:\/\/contratacion.almunecar.es\/wp-content\/uploads\/2023\/11\/PLACSP-FORMALIZACI\u00d3N-CONTRATO-PORTAF\u00c9RETROS-CEMENTERIO.pdf\">PLACSP &#8211; FORMALIZACI\u00d3N CONTRATO PORTAF\u00c9RETROS CEMENTERIO<\/a><\/p>\n","protected":false},"excerpt":{"rendered":"<p>02\/11\/2023 INFORME NECESIDAD PORTAFERETROS CEMENTERIO ALMUNECAR 02\/11\/2023 INFORME NO DIVISION EN LOTES PORTAFERETROS CEMENTERIO 02\/11\/2023 MEMORIA JUSTIFICATIVA PORTAFERETROS 02\/11\/2023 PCAP PORTAFERETROS CEMENTERIO ALMUNECAR 02\/11\/2023 PPTP PORTAFERETROS CEMENTERIO ALMUNECAR 02\/11\/2023 RA APROBACION E INICIACION EXPTE PORTAFERETROS 02\/11\/2023PLACSP &#8211; ANUNCIO DE LICITACI\u00d3N EXPTE SUM. PORTAFERETROS CEMENTERIO ALMU\u00d1\u00c9CAR 02\/11\/2023 PLACSP &#8211; DOCUMENTO DE PLIEGOS EXPTE SUM. PORTAFERETROS CEMENTERIO&hellip; <br \/> <a class=\"button small blue\" href=\"https:\/\/contratacion.almunecar.es\/?p=6842\">Leer m\u00e1s<\/a><\/p>\n","protected":false},"author":5,"featured_media":0,"comment_status":"closed","ping_status":"closed","sticky":false,"template":"","format":"standard","meta":{"_acf_changed":false,"footnotes":""},"categories":[5,3,7,12,4],"tags":[],"class_list":["post-6842","post","type-post","status-publish","format-standard","hentry","category-adjudicacion_final","category-anuncio","category-formalizacion","category-formalizacion-de-contrato","category-licitacion"],"acf":[],"_links":{"self":[{"href":"https:\/\/contratacion.almunecar.es\/index.php?rest_route=\/wp\/v2\/posts\/6842","targetHints":{"allow":["GET"]}}],"collection":[{"href":"https:\/\/contratacion.almunecar.es\/index.php?rest_route=\/wp\/v2\/posts"}],"about":[{"href":"https:\/\/contratacion.almunecar.es\/index.php?rest_route=\/wp\/v2\/types\/post"}],"author":[{"embeddable":true,"href":"https:\/\/contratacion.almunecar.es\/index.php?rest_route=\/wp\/v2\/users\/5"}],"replies":[{"embeddable":true,"href":"https:\/\/contratacion.almunecar.es\/index.php?rest_route=%2Fwp%2Fv2%2Fcomments&post=6842"}],"version-history":[{"count":7,"href":"https:\/\/contratacion.almunecar.es\/index.php?rest_route=\/wp\/v2\/posts\/6842\/revisions"}],"predecessor-version":[{"id":7047,"href":"https:\/\/contratacion.almunecar.es\/index.php?rest_route=\/wp\/v2\/posts\/6842\/revisions\/7047"}],"wp:attachment":[{"href":"https:\/\/contratacion.almunecar.es\/index.php?rest_route=%2Fwp%2Fv2%2Fmedia&parent=6842"}],"wp:term":[{"taxonomy":"category","embeddable":true,"href":"https:\/\/contratacion.almunecar.es\/index.php?rest_route=%2Fwp%2Fv2%2Fcategories&post=6842"},{"taxonomy":"post_tag","embeddable":true,"href":"https:\/\/contratacion.almunecar.es\/index.php?rest_route=%2Fwp%2Fv2%2Ftags&post=6842"}],"curies":[{"name":"wp","href":"https:\/\/api.w.org\/{rel}","templated":true}]}}