{"id":6833,"date":"2023-11-02T13:45:06","date_gmt":"2023-11-02T11:45:06","guid":{"rendered":"https:\/\/contratacion.almunecar.es\/?p=6833"},"modified":"2024-02-15T10:20:48","modified_gmt":"2024-02-15T08:20:48","slug":"proyecto-desarrollo-de-integracion-con-carpeta-ciudadana-linea-5-prtr-componente-11-i3-del-ayuntamiento-de-almunecar","status":"publish","type":"post","link":"https:\/\/contratacion.almunecar.es\/?p=6833","title":{"rendered":"Proyecto Desarrollo de Integraci\u00f3n con Carpeta Ciudadana L\u00ednea 5. PRTR Componente 11.I3 del Ayuntamiento de Almu\u00f1\u00e9car."},"content":{"rendered":"<p>2\/11\/2023 <a href=\"https:\/\/contratacion.almunecar.es\/wp-content\/uploads\/2023\/11\/INFORME-DE-NECESIDAD.pdf\">INFORME DE NECESIDAD<\/a><\/p>\n<p>2\/11\/2023 <a href=\"https:\/\/contratacion.almunecar.es\/wp-content\/uploads\/2023\/11\/MEMORIA-JUSTIFICATIVA.pdf\">MEMORIA JUSTIFICATIVA<\/a><\/p>\n<p>2\/11\/2023 <a href=\"https:\/\/contratacion.almunecar.es\/wp-content\/uploads\/2023\/11\/NO-DIVISION-LOTES.pdf\">NO DIVISION LOTES<\/a><\/p>\n<p>2\/11\/2023 <a href=\"https:\/\/contratacion.almunecar.es\/wp-content\/uploads\/2023\/11\/PPT-INTEGRACION-CARPETA-CIUDADANA.pdf\">PPT INTEGRACION CARPETA CIUDADANA<\/a><\/p>\n<p>2\/11\/2023 <a href=\"https:\/\/contratacion.almunecar.es\/wp-content\/uploads\/2023\/11\/PLIEGO-ADMINISTRATIVO-CONTRATO-CARPETA-CIUDADANA-2.pdf\">PLIEGO ADMINISTRATIVO CONTRATO CARPETA CIUDADANA -2<\/a><\/p>\n<p>2\/11\/2023 <a href=\"https:\/\/contratacion.almunecar.es\/wp-content\/uploads\/2023\/11\/PLACSP-ANUNCIO-LICITACI\u00d3N-PROYECTO-CARPETA-CIUDADANA.pdf\">PLACSP &#8211; ANUNCIO LICITACI\u00d3N PROYECTO CARPETA CIUDADANA<\/a><\/p>\n<p>2\/11\/2023 <a href=\"https:\/\/contratacion.almunecar.es\/wp-content\/uploads\/2023\/11\/PLACSP-DOCUMENTOS-PLIEGOS-PROYECTO-CARPETA-CIUDADANA.pdf\">PLACSP &#8211; DOCUMENTOS PLIEGOS PROYECTO CARPETA CIUDADANA<\/a><\/p>\n<p>Para m\u00e1s informaci\u00f3n y presentaci\u00f3n de Ofertas: <a href=\"https:\/\/contrataciondelestado.es\/wps\/poc?uri=deeplink%3Adetalle_licitacion&amp;idEvl=5wxONzKWUq%2FIGlsa0Wad%2Bw%3D%3D\">click aqu\u00ed<\/a><\/p>\n<p>Las ofertas se podr\u00e1n presentar hasta el d\u00eda 13\/11\/2023, a las 11:00 horas.<\/p>\n<p>14\/12\/2023 <a href=\"https:\/\/contratacion.almunecar.es\/wp-content\/uploads\/2023\/11\/ACTA-COMISI\u00d3N-NEGOCIADORA-2023-11-21.pdf\">ACTA COMISI\u00d3N NEGOCIADORA 2023-11-21<\/a><\/p>\n<p>14\/12\/2023 <a href=\"https:\/\/contratacion.almunecar.es\/wp-content\/uploads\/2023\/11\/RA-REQUERIMIENTO-DOCUMENTACION-CARPETA-CIUDADANA-ESPUBLICO-.pdf\">RA REQUERIMIENTO DOCUMENTACION CARPETA CIUDADANA -ESPUBLICO<\/a><\/p>\n<p>14\/12\/2023 <a href=\"https:\/\/contratacion.almunecar.es\/wp-content\/uploads\/2023\/11\/PLACSP-COMUNICACION-REQUERIMIENTO-DOCUMENTACION-CARPETA-CIUDADANA-ESPUBLICO-.pdf\">PLACSP &#8211; COMUNICACION REQUERIMIENTO DOCUMENTACION CARPETA CIUDADANA -ESPUBLICO<\/a><\/p>\n<p>19\/01\/2024 <a href=\"https:\/\/contratacion.almunecar.es\/wp-content\/uploads\/2023\/11\/RA-ADJUDICACION-CARPETA-CIUDADANA-ESPUBLICO-SA.pdf\">RA ADJUDICACION CARPETA CIUDADANA &#8211; ESPUBLICO SA<\/a><\/p>\n<p>19\/01\/2024 <a href=\"https:\/\/contratacion.almunecar.es\/wp-content\/uploads\/2023\/11\/PLACSP-ADJUDICACI\u00d3N-CARPETA-CIUDADANA-LINEA-5-ESPUBLICO-S.A.pdf\">PLACSP &#8211; ADJUDICACI\u00d3N CARPETA CIUDADANA LINEA 5 &#8211; ESPUBLICO S.A<\/a><\/p>\n<p>15\/02\/2024 <a href=\"https:\/\/contratacion.almunecar.es\/wp-content\/uploads\/2023\/11\/PLACSP-FORMALIZACI\u00d3N-CARPETA-CIUDADANA-L\u00cdNEA-5.pdf\">PLACSP &#8211; FORMALIZACI\u00d3N CARPETA CIUDADANA L\u00cdNEA 5<\/a><\/p>\n","protected":false},"excerpt":{"rendered":"<p>2\/11\/2023 INFORME DE NECESIDAD 2\/11\/2023 MEMORIA JUSTIFICATIVA 2\/11\/2023 NO DIVISION LOTES 2\/11\/2023 PPT INTEGRACION CARPETA CIUDADANA 2\/11\/2023 PLIEGO ADMINISTRATIVO CONTRATO CARPETA CIUDADANA -2 2\/11\/2023 PLACSP &#8211; ANUNCIO LICITACI\u00d3N PROYECTO CARPETA CIUDADANA 2\/11\/2023 PLACSP &#8211; DOCUMENTOS PLIEGOS PROYECTO CARPETA CIUDADANA Para m\u00e1s informaci\u00f3n y presentaci\u00f3n de Ofertas: click aqu\u00ed Las ofertas se podr\u00e1n presentar hasta el&hellip; <br \/> <a class=\"button small blue\" href=\"https:\/\/contratacion.almunecar.es\/?p=6833\">Leer m\u00e1s<\/a><\/p>\n","protected":false},"author":5,"featured_media":0,"comment_status":"closed","ping_status":"closed","sticky":false,"template":"","format":"standard","meta":{"_acf_changed":false,"footnotes":""},"categories":[5,3,7,12,4],"tags":[],"class_list":["post-6833","post","type-post","status-publish","format-standard","hentry","category-adjudicacion_final","category-anuncio","category-formalizacion","category-formalizacion-de-contrato","category-licitacion"],"acf":[],"_links":{"self":[{"href":"https:\/\/contratacion.almunecar.es\/index.php?rest_route=\/wp\/v2\/posts\/6833","targetHints":{"allow":["GET"]}}],"collection":[{"href":"https:\/\/contratacion.almunecar.es\/index.php?rest_route=\/wp\/v2\/posts"}],"about":[{"href":"https:\/\/contratacion.almunecar.es\/index.php?rest_route=\/wp\/v2\/types\/post"}],"author":[{"embeddable":true,"href":"https:\/\/contratacion.almunecar.es\/index.php?rest_route=\/wp\/v2\/users\/5"}],"replies":[{"embeddable":true,"href":"https:\/\/contratacion.almunecar.es\/index.php?rest_route=%2Fwp%2Fv2%2Fcomments&post=6833"}],"version-history":[{"count":5,"href":"https:\/\/contratacion.almunecar.es\/index.php?rest_route=\/wp\/v2\/posts\/6833\/revisions"}],"predecessor-version":[{"id":7351,"href":"https:\/\/contratacion.almunecar.es\/index.php?rest_route=\/wp\/v2\/posts\/6833\/revisions\/7351"}],"wp:attachment":[{"href":"https:\/\/contratacion.almunecar.es\/index.php?rest_route=%2Fwp%2Fv2%2Fmedia&parent=6833"}],"wp:term":[{"taxonomy":"category","embeddable":true,"href":"https:\/\/contratacion.almunecar.es\/index.php?rest_route=%2Fwp%2Fv2%2Fcategories&post=6833"},{"taxonomy":"post_tag","embeddable":true,"href":"https:\/\/contratacion.almunecar.es\/index.php?rest_route=%2Fwp%2Fv2%2Ftags&post=6833"}],"curies":[{"name":"wp","href":"https:\/\/api.w.org\/{rel}","templated":true}]}}