{"id":6788,"date":"2023-10-23T11:31:03","date_gmt":"2023-10-23T09:31:03","guid":{"rendered":"https:\/\/contratacion.almunecar.es\/?p=6788"},"modified":"2024-02-20T09:45:45","modified_gmt":"2024-02-20T07:45:45","slug":"obras-de-construccion-del-centro-de-dia-para-personas-mayores-en-almunecar-en-base-al-proyecto-de-ejecucion-redactado-por-el-arquitecto-d-jose-carlos-castro-fernandez","status":"publish","type":"post","link":"https:\/\/contratacion.almunecar.es\/?p=6788","title":{"rendered":"Obras de construcci\u00f3n del CENTRO DE D\u00cdA para personas mayores en Almu\u00f1\u00e9car, en base al Proyecto de Ejecuci\u00f3n redactado por el Arquitecto D. Jos\u00e9 Carlos Castro Fern\u00e1ndez."},"content":{"rendered":"<p>23\/10\/2023 <a href=\"https:\/\/contratacion.almunecar.es\/wp-content\/uploads\/2023\/10\/Informe-Motivacion-CENTRO-DE-DIA.pdf\">Informe Motivacion CENTRO DE DIA<\/a><\/p>\n<p>23\/10\/2023 <a href=\"https:\/\/contratacion.almunecar.es\/wp-content\/uploads\/2023\/10\/Informe-NO-LOTIFICACION-CENTRO-DE-DIA.pdf\">Informe NO LOTIFICACION CENTRO DE DIA<\/a><\/p>\n<p>23\/10\/2023 <a href=\"https:\/\/contratacion.almunecar.es\/wp-content\/uploads\/2023\/10\/MEMORIA-JUSTIFICATIVA-OBRAS-CENTRO-DE-DIA.pdf\">MEMORIA JUSTIFICATIVA OBRAS CENTRO DE DIA<\/a><\/p>\n<p>23\/10\/2023 <a href=\"https:\/\/contratacion.almunecar.es\/wp-content\/uploads\/2023\/10\/PLIEGOdeCONDICIONES-V04-F.pdf\">PLIEGOdeCONDICIONES-V04-F<\/a><\/p>\n<p>23\/10\/2023 <a href=\"https:\/\/contratacion.almunecar.es\/wp-content\/uploads\/2023\/10\/PLIEGO-ADMINISTRATIVO-CENTRO-DE-DIA.pdf\">PLIEGO ADMINISTRATIVO CENTRO DE DIA<\/a><\/p>\n<p>23\/10\/2023 <a href=\"https:\/\/contratacion.almunecar.es\/wp-content\/uploads\/2023\/10\/MEMORIA-PPTP.pdf\">MEMORIA-PPTP<\/a><\/p>\n<p>23\/10\/2023 <a href=\"https:\/\/contratacion.almunecar.es\/wp-content\/uploads\/2023\/10\/DECRETO-2023-4305-APROBACION-E-INICIACION-CENTRO-DE-DIA-700-2023.pdf\">DECRETO 2023-4305 APROBACION E INICIACION CENTRO DE DIA 700-2023<\/a><\/p>\n<p>23\/10\/2023 <a href=\"https:\/\/contratacion.almunecar.es\/wp-content\/uploads\/2023\/10\/PLACSP-ANUNCIO-LICITACI\u00d3N-OBRAS-CENTRO-DE-D\u00cdA-700-2023.pdf\">PLACSP &#8211; ANUNCIO LICITACI\u00d3N OBRAS CENTRO DE D\u00cdA 700-2023<\/a><\/p>\n<p>23\/10\/2023 <a href=\"https:\/\/contratacion.almunecar.es\/wp-content\/uploads\/2023\/10\/PLACSP-DOCUMENTO-PLIEGOS-OBRAS-CENTRO-DE-D\u00cdA-700-2023.pdf\">PLACSP &#8211; DOCUMENTO PLIEGOS OBRAS CENTRO DE D\u00cdA 700-2023<\/a><\/p>\n<p>La presentaci\u00f3n de Ofertas es hasta el d\u00eda 20\/11\/2023, 11:00 horas.<\/p>\n<p>Para m\u00e1s informaci\u00f3n y presentaci\u00f3n de Ofertas: <a href=\"https:\/\/contrataciondelestado.es\/wps\/poc?uri=deeplink%3Adetalle_licitacion&amp;idEvl=S2jByBXP3yXXOjazN1Dw9Q%3D%3D\">click aqu\u00ed<\/a><\/p>\n<p>17\/11\/2023 <a href=\"https:\/\/contratacion.almunecar.es\/wp-content\/uploads\/2023\/10\/CITACION-MESA-DE-CONTRATACION-2023-11-21.pdf\">CITACION MESA DE CONTRATACION 2023-11-21<\/a><\/p>\n<p>29\/11\/2023 <a href=\"https:\/\/contratacion.almunecar.es\/wp-content\/uploads\/2023\/10\/ACTA-MESA-DE-CONTRATACION-2023-11-21-1.pdf\">ACTA MESA DE CONTRATACION 2023-11-21<\/a><\/p>\n<p>4\/12\/2023 <a href=\"https:\/\/contratacion.almunecar.es\/wp-content\/uploads\/2023\/10\/RA-REQUERIMIENTO-DOC-OBRAS-CENTRO-DE-DIA-POSTIGO.pdf\">RA REQUERIMIENTO DOC OBRAS CENTRO DE DIA &#8211; POSTIGO<\/a><\/p>\n<p>4\/12\/2023 <a href=\"https:\/\/contratacion.almunecar.es\/wp-content\/uploads\/2023\/10\/PLACSP-REQUERIMIENTO-DOCUMENTACION-CENTRO-DE-DIA-POSTIGO.pdf\">PLACSP &#8211; REQUERIMIENTO DOCUMENTACION CENTRO DE DIA &#8211; POSTIGO<\/a><\/p>\n<p>05\/01\/2024 <a href=\"https:\/\/contratacion.almunecar.es\/wp-content\/uploads\/2023\/10\/RA-RETIRADA-OFERTA-C-Y-R-POSTIGO-SL-Y-REQUER-DE-DOC-A-C-DAZARSUR-SLU.pdf\">RA RETIRADA OFERTA C Y R POSTIGO SL Y REQUER DE DOC A C DAZARSUR SLU<\/a><\/p>\n<p>05\/01\/2024 <a href=\"https:\/\/contratacion.almunecar.es\/wp-content\/uploads\/2023\/10\/PLACSP-COMUNIC-REQUERIMIENTO-DE-DOCUMENTACION-A-CONSTRUCCIONES-DAZARSUR-SLU.pdf\">PLACSP &#8211; COMUNIC REQUERIMIENTO DE DOCUMENTACION A CONSTRUCCIONES DAZARSUR SLU<\/a><\/p>\n<p>09\/02\/2024 <a href=\"https:\/\/contratacion.almunecar.es\/wp-content\/uploads\/2023\/10\/RA-ADJUDICACION-OBRAS-CENTRO-DE-DIA-DAZARSUR.pdf\">RA ADJUDICACION OBRAS CENTRO DE DIA &#8211; DAZARSUR<\/a><\/p>\n<p>09\/02\/2024 <a href=\"https:\/\/contratacion.almunecar.es\/wp-content\/uploads\/2023\/10\/PLACSP-ADJUDICACI\u00d3N-CENTRO-DE-D\u00cdA-DAZARSUR.pdf\">PLACSP &#8211; ADJUDICACI\u00d3N CENTRO DE D\u00cdA &#8211; DAZARSUR<\/a><\/p>\n<p>20\/02\/2024 <a href=\"https:\/\/contratacion.almunecar.es\/wp-content\/uploads\/2023\/10\/PLACSP-FORMALIZACI\u00d3N-OBRAS-CENTRO-DE-D\u00cdA.pdf\">PLACSP &#8211; FORMALIZACI\u00d3N OBRAS CENTRO DE D\u00cdA<\/a><\/p>\n","protected":false},"excerpt":{"rendered":"<p>23\/10\/2023 Informe Motivacion CENTRO DE DIA 23\/10\/2023 Informe NO LOTIFICACION CENTRO DE DIA 23\/10\/2023 MEMORIA JUSTIFICATIVA OBRAS CENTRO DE DIA 23\/10\/2023 PLIEGOdeCONDICIONES-V04-F 23\/10\/2023 PLIEGO ADMINISTRATIVO CENTRO DE DIA 23\/10\/2023 MEMORIA-PPTP 23\/10\/2023 DECRETO 2023-4305 APROBACION E INICIACION CENTRO DE DIA 700-2023 23\/10\/2023 PLACSP &#8211; ANUNCIO LICITACI\u00d3N OBRAS CENTRO DE D\u00cdA 700-2023 23\/10\/2023 PLACSP &#8211; DOCUMENTO PLIEGOS&hellip; <br \/> <a class=\"button small blue\" href=\"https:\/\/contratacion.almunecar.es\/?p=6788\">Leer m\u00e1s<\/a><\/p>\n","protected":false},"author":5,"featured_media":0,"comment_status":"closed","ping_status":"closed","sticky":false,"template":"","format":"standard","meta":{"_acf_changed":false,"footnotes":""},"categories":[5,3,7,12,4],"tags":[],"class_list":["post-6788","post","type-post","status-publish","format-standard","hentry","category-adjudicacion_final","category-anuncio","category-formalizacion","category-formalizacion-de-contrato","category-licitacion"],"acf":[],"_links":{"self":[{"href":"https:\/\/contratacion.almunecar.es\/index.php?rest_route=\/wp\/v2\/posts\/6788","targetHints":{"allow":["GET"]}}],"collection":[{"href":"https:\/\/contratacion.almunecar.es\/index.php?rest_route=\/wp\/v2\/posts"}],"about":[{"href":"https:\/\/contratacion.almunecar.es\/index.php?rest_route=\/wp\/v2\/types\/post"}],"author":[{"embeddable":true,"href":"https:\/\/contratacion.almunecar.es\/index.php?rest_route=\/wp\/v2\/users\/5"}],"replies":[{"embeddable":true,"href":"https:\/\/contratacion.almunecar.es\/index.php?rest_route=%2Fwp%2Fv2%2Fcomments&post=6788"}],"version-history":[{"count":8,"href":"https:\/\/contratacion.almunecar.es\/index.php?rest_route=\/wp\/v2\/posts\/6788\/revisions"}],"predecessor-version":[{"id":7417,"href":"https:\/\/contratacion.almunecar.es\/index.php?rest_route=\/wp\/v2\/posts\/6788\/revisions\/7417"}],"wp:attachment":[{"href":"https:\/\/contratacion.almunecar.es\/index.php?rest_route=%2Fwp%2Fv2%2Fmedia&parent=6788"}],"wp:term":[{"taxonomy":"category","embeddable":true,"href":"https:\/\/contratacion.almunecar.es\/index.php?rest_route=%2Fwp%2Fv2%2Fcategories&post=6788"},{"taxonomy":"post_tag","embeddable":true,"href":"https:\/\/contratacion.almunecar.es\/index.php?rest_route=%2Fwp%2Fv2%2Ftags&post=6788"}],"curies":[{"name":"wp","href":"https:\/\/api.w.org\/{rel}","templated":true}]}}