{"id":6775,"date":"2023-10-23T08:34:48","date_gmt":"2023-10-23T06:34:48","guid":{"rendered":"https:\/\/contratacion.almunecar.es\/?p=6775"},"modified":"2024-02-27T12:40:58","modified_gmt":"2024-02-27T10:40:58","slug":"expte-128-2023-gest-9658-2023-servicio-de-instalacion-y-desmontaje-del-alumbrado-ornamental-de-navidad-fiestas-patronales-de-almunecar-la-herradura-y-barrios-carrera-de-la-concepcion-los-marin","status":"publish","type":"post","link":"https:\/\/contratacion.almunecar.es\/?p=6775","title":{"rendered":"EXPTE. 128\/2023 (GEST 9658\/2023): SERVICIO DE INSTALACI\u00d3N Y DESMONTAJE DEL ALUMBRADO ORNAMENTAL DE NAVIDAD, FIESTAS PATRONALES DE ALMU\u00d1\u00c9CAR, LA HERRADURA, Y BARRIOS CARRERA DE LA CONCEPCI\u00d3N, LOS MARINOS, TORRECUEVAS, Y BARRIO DEL CASTILLO DE SAN MIGUEL, MEDIANTE LOTES."},"content":{"rendered":"<p>23\/10\/2023 <a href=\"https:\/\/contratacion.almunecar.es\/wp-content\/uploads\/2023\/10\/INFORME-NECESIDAD-ILUMINACION-FIESTAS-Y-BARRIOS.pdf\">INFORME NECESIDAD ILUMINACION FIESTAS Y BARRIOS<\/a><\/p>\n<p>23\/10\/2023 <a href=\"https:\/\/contratacion.almunecar.es\/wp-content\/uploads\/2023\/10\/MEMORIA-JUSTIFICATIVA-ILUMINACION-FIESTAS.pdf\">MEMORIA JUSTIFICATIVA ILUMINACION FIESTAS<\/a><\/p>\n<p>23\/10\/2023 <a href=\"https:\/\/contratacion.almunecar.es\/wp-content\/uploads\/2023\/10\/PCAP-ILUMINACION-FIESTAS.pdf\">PCAP ILUMINACION FIESTAS<\/a><\/p>\n<p>23\/10\/2023 <a href=\"https:\/\/contratacion.almunecar.es\/wp-content\/uploads\/2023\/10\/PPTP-ILUMINACION-ORNAMENTAL-FIESTAS-Y-BARRIOS.pdf\">PPTP ILUMINACION ORNAMENTAL FIESTAS Y BARRIOS<\/a><\/p>\n<p>23\/10\/2023 <a href=\"https:\/\/contratacion.almunecar.es\/wp-content\/uploads\/2023\/10\/RA-APROB-E-INICIACION-SERVICIO-ILUMINACION-FIESTAS.pdf\">RA APROB E INICIACION SERVICIO ILUMINACION FIESTAS<\/a><\/p>\n<p>23\/10\/2023 <a href=\"https:\/\/contratacion.almunecar.es\/wp-content\/uploads\/2023\/10\/DOUE-ANUNCIO-DE-LICITACI\u00d3N-ILUMINACI\u00d3N-FIESTAS.pdf\">DOUE &#8211; ANUNCIO DE LICITACI\u00d3N ILUMINACI\u00d3N FIESTAS<\/a><\/p>\n<p>23\/10\/2023 <a href=\"https:\/\/contratacion.almunecar.es\/wp-content\/uploads\/2023\/10\/PLACSP-ANUNCIO-DE-LICITACI\u00d3N-ILUMINACI\u00d3N-FIESTAS.pdf\">PLACSP &#8211; ANUNCIO DE LICITACI\u00d3N ILUMINACI\u00d3N FIESTAS<\/a><\/p>\n<p>23\/10\/2023 <a href=\"https:\/\/contratacion.almunecar.es\/wp-content\/uploads\/2023\/10\/PLACSP-DOCUMENTO-PLIEGOS-ILUMINACI\u00d3N-FIESTAS.pdf\">PLACSP &#8211; DOCUMENTO PLIEGOS ILUMINACI\u00d3N FIESTAS<\/a><\/p>\n<p>Para m\u00e1s informaci\u00f3n y presentaci\u00f3n de Ofertas: <a href=\"https:\/\/contrataciondelestado.es\/wps\/poc?uri=deeplink%3Adetalle_licitacion&amp;idEvl=NdwjAUSGC%2BzE6P%2FuLemXRw%3D%3D\">click aqu\u00ed<\/a><\/p>\n<p>17\/11\/2023 <a href=\"https:\/\/contratacion.almunecar.es\/wp-content\/uploads\/2023\/10\/CITACION-MESA-DE-CONTRATACION-2023-11-21-1.pdf\">CITACION MESA DE CONTRATACION 2023-11-21<\/a><\/p>\n<p>22\/11\/2023 <a href=\"https:\/\/contratacion.almunecar.es\/wp-content\/uploads\/2023\/10\/RA-REQUER-DE-DOC-ALUMBRADO-ORNAMENTAL-LOTES-1-Y-2-ILUME.pdf\">RA REQUER DE DOC ALUMBRADO ORNAMENTAL LOTES 1 Y 2 &#8211; ILUME<\/a><\/p>\n<p>22\/11\/2023 <a href=\"https:\/\/contratacion.almunecar.es\/wp-content\/uploads\/2023\/10\/PLACSP-REQUERIMIENTO-DOC-ALUMBRADO-LOTE-1-Y-2-ILUMEP-SL.pdf\">PLACSP &#8211; REQUERIMIENTO DOC ALUMBRADO LOTE 1 Y 2 ILUMEP SL<\/a><\/p>\n<p>27\/11\/2023 <a href=\"https:\/\/contratacion.almunecar.es\/wp-content\/uploads\/2023\/10\/RA-RENUNCIA-LOTE-2-ILUMEP-PINOS-PUENTE-SL-Y-REQUER-DE-DOC-LOTE-2-A-ELECFES-SL.pdf\">RA RENUNCIA LOTE 2 ILUMEP PINOS PUENTE SL Y REQUER DE DOC LOTE 2 A ELECFES SL<\/a><\/p>\n<p>27\/11\/2023 <a href=\"https:\/\/contratacion.almunecar.es\/wp-content\/uploads\/2023\/10\/PLACSP-REQUER-DE-DOC-LOTE-2-ILUMINACION-NAVIDAD-A-ELECFES-ILUMINACION-SL.pdf\">PLACSP &#8211; REQUER DE DOC LOTE 2 ILUMINACION NAVIDAD A ELECFES ILUMINACION SL<\/a><\/p>\n<p>29\/11\/2023 <a href=\"https:\/\/contratacion.almunecar.es\/wp-content\/uploads\/2023\/10\/ACTA-MESA-DE-CONTRATACION-2023-11-21.pdf\">ACTA MESA DE CONTRATACION 2023-11-21<\/a><\/p>\n<p>7\/12\/2023 <a href=\"https:\/\/contratacion.almunecar.es\/wp-content\/uploads\/2023\/10\/RA-ADJUDICACION-LOTE-2-ALUMBRADO-NAVIDAD-ELECFES.pdf\">RA ADJUDICACION LOTE 2 ALUMBRADO NAVIDAD- ELECFES<\/a><\/p>\n<p>7\/12\/2023 <a href=\"https:\/\/contratacion.almunecar.es\/wp-content\/uploads\/2023\/10\/PLACSP-ADJUDICACI\u00d3N-LOTE-2-ALUMBRADO-NAVIDAD-ELECFES.pdf\">PLACSP &#8211; ADJUDICACI\u00d3N LOTE 2 ALUMBRADO NAVIDAD &#8211; ELECFES<\/a><\/p>\n<p>15\/12\/2023 <a href=\"https:\/\/contratacion.almunecar.es\/wp-content\/uploads\/2023\/10\/RA-REQUER-DE-DOC-ALUMBRADO-LOTES-3-Y-4-OSCAR-DAVID-MARTIN-ALVAREZ.pdf\">RA REQUER DE DOC ALUMBRADO LOTES 3 Y 4 &#8211; OSCAR DAVID MARTIN ALVAREZ<\/a><\/p>\n<p>15\/12\/2023 <a href=\"https:\/\/contratacion.almunecar.es\/wp-content\/uploads\/2023\/10\/PLACSP-COMUNIC-REQUER-DE-DOCUMENTACION-ALUMBRADO-LOTES-3-Y-4.pdf\">PLACSP &#8211; COMUNIC REQUER DE DOCUMENTACION ALUMBRADO LOTES 3 Y 4<\/a><\/p>\n<p>27\/12\/2023 <a href=\"https:\/\/contratacion.almunecar.es\/wp-content\/uploads\/2023\/10\/INFORME-TECNICO-RECTIFICACION-LOTE-3-S-JOSE.pdf\">INFORME TECNICO RECTIFICACION LOTE 3 S JOSE<\/a><\/p>\n<p>27\/12\/2023 <a href=\"https:\/\/contratacion.almunecar.es\/wp-content\/uploads\/2023\/10\/RA-Expte-128-2023-Gest-9658-2022-RECTIFICACION-RA-REQ-DOC-LOTES-3-Y-4.pdf\">RA Expte 128-2023 Gest 9658-2022 RECTIFICACION RA REQ DOC LOTES 3 Y 4<\/a><\/p>\n<p>09\/01\/2024 <a href=\"https:\/\/contratacion.almunecar.es\/wp-content\/uploads\/2023\/10\/PLACSP-FORMALIZACI\u00d3N-ALUMBRADO-LOTE-2-NAVIDAD.pdf\">PLACSP &#8211; FORMALIZACI\u00d3N ALUMBRADO LOTE 2 NAVIDAD<\/a><\/p>\n<p>15\/01\/2024 <a href=\"https:\/\/contratacion.almunecar.es\/wp-content\/uploads\/2023\/10\/RA-ADJUDICACION-ALUMBRADO-ORNAMENTAL-LOTES-3-Y-4-OSCAR-DAVID-MARTIN.pdf\">RA ADJUDICACION ALUMBRADO ORNAMENTAL LOTES 3 Y 4 &#8211; OSCAR DAVID MARTIN<\/a><\/p>\n<p>15\/01\/2024 <a href=\"https:\/\/contratacion.almunecar.es\/wp-content\/uploads\/2023\/10\/PLACSP-ADJUDICACION-ALUMBRADO-ORNAMENTAL-LOTE-3-Y-4.pdf\">PLACSP &#8211; ADJUDICACION ALUMBRADO ORNAMENTAL LOTE 3 Y 4<\/a><\/p>\n<p>01\/02\/2024 <a href=\"https:\/\/contratacion.almunecar.es\/wp-content\/uploads\/2023\/10\/RA-ADJUDICACION-ALUMBRADO-LOTE-1-FIESTAS-AGOSTO-ILUMEP-PINOS-PUENTE-SL.pdf\">RA ADJUDICACION ALUMBRADO LOTE 1 FIESTAS AGOSTO &#8211; ILUMEP PINOS PUENTE SL<\/a><\/p>\n<p>01\/02\/2024 <a href=\"https:\/\/contratacion.almunecar.es\/wp-content\/uploads\/2023\/10\/PLACSP-ADJUDICACION-ALUMBRADO-LOTE-1-FIESTAS-AGOSTO-ILUMEP-PINOS-PUENTE-SL.pdf\">PLACSP &#8211; ADJUDICACION ALUMBRADO LOTE 1 FIESTAS AGOSTO &#8211; ILUMEP PINOS PUENTE SL<\/a><\/p>\n<p>08\/02\/2024 <a href=\"https:\/\/contratacion.almunecar.es\/wp-content\/uploads\/2023\/10\/PLACSP-FORMALIZACI\u00d3N-CONTRATO-ALUMBRADO-LOTES-3-Y-4.pdf\">PLACSP &#8211; FORMALIZACI\u00d3N CONTRATO ALUMBRADO LOTES 3 Y 4<\/a><\/p>\n<p>27\/02\/2024 <a href=\"https:\/\/contratacion.almunecar.es\/wp-content\/uploads\/2023\/10\/PLACSP-FORMALIZACI\u00d3N-LOTE-1-ILUMINACI\u00d3N-FIESTAS-DE-AGOSTO.pdf\">PLACSP &#8211; FORMALIZACI\u00d3N LOTE 1 ILUMINACI\u00d3N FIESTAS DE AGOSTO<\/a><\/p>\n<p>&nbsp;<\/p>\n","protected":false},"excerpt":{"rendered":"<p>23\/10\/2023 INFORME NECESIDAD ILUMINACION FIESTAS Y BARRIOS 23\/10\/2023 MEMORIA JUSTIFICATIVA ILUMINACION FIESTAS 23\/10\/2023 PCAP ILUMINACION FIESTAS 23\/10\/2023 PPTP ILUMINACION ORNAMENTAL FIESTAS Y BARRIOS 23\/10\/2023 RA APROB E INICIACION SERVICIO ILUMINACION FIESTAS 23\/10\/2023 DOUE &#8211; ANUNCIO DE LICITACI\u00d3N ILUMINACI\u00d3N FIESTAS 23\/10\/2023 PLACSP &#8211; ANUNCIO DE LICITACI\u00d3N ILUMINACI\u00d3N FIESTAS 23\/10\/2023 PLACSP &#8211; DOCUMENTO PLIEGOS ILUMINACI\u00d3N FIESTAS Para&hellip; <br \/> <a class=\"button small blue\" href=\"https:\/\/contratacion.almunecar.es\/?p=6775\">Leer m\u00e1s<\/a><\/p>\n","protected":false},"author":5,"featured_media":0,"comment_status":"closed","ping_status":"closed","sticky":false,"template":"","format":"standard","meta":{"_acf_changed":false,"footnotes":""},"categories":[5,3,7,12,4],"tags":[],"class_list":["post-6775","post","type-post","status-publish","format-standard","hentry","category-adjudicacion_final","category-anuncio","category-formalizacion","category-formalizacion-de-contrato","category-licitacion"],"acf":[],"_links":{"self":[{"href":"https:\/\/contratacion.almunecar.es\/index.php?rest_route=\/wp\/v2\/posts\/6775","targetHints":{"allow":["GET"]}}],"collection":[{"href":"https:\/\/contratacion.almunecar.es\/index.php?rest_route=\/wp\/v2\/posts"}],"about":[{"href":"https:\/\/contratacion.almunecar.es\/index.php?rest_route=\/wp\/v2\/types\/post"}],"author":[{"embeddable":true,"href":"https:\/\/contratacion.almunecar.es\/index.php?rest_route=\/wp\/v2\/users\/5"}],"replies":[{"embeddable":true,"href":"https:\/\/contratacion.almunecar.es\/index.php?rest_route=%2Fwp%2Fv2%2Fcomments&post=6775"}],"version-history":[{"count":15,"href":"https:\/\/contratacion.almunecar.es\/index.php?rest_route=\/wp\/v2\/posts\/6775\/revisions"}],"predecessor-version":[{"id":7432,"href":"https:\/\/contratacion.almunecar.es\/index.php?rest_route=\/wp\/v2\/posts\/6775\/revisions\/7432"}],"wp:attachment":[{"href":"https:\/\/contratacion.almunecar.es\/index.php?rest_route=%2Fwp%2Fv2%2Fmedia&parent=6775"}],"wp:term":[{"taxonomy":"category","embeddable":true,"href":"https:\/\/contratacion.almunecar.es\/index.php?rest_route=%2Fwp%2Fv2%2Fcategories&post=6775"},{"taxonomy":"post_tag","embeddable":true,"href":"https:\/\/contratacion.almunecar.es\/index.php?rest_route=%2Fwp%2Fv2%2Ftags&post=6775"}],"curies":[{"name":"wp","href":"https:\/\/api.w.org\/{rel}","templated":true}]}}