{"id":6749,"date":"2023-10-19T14:52:35","date_gmt":"2023-10-19T12:52:35","guid":{"rendered":"https:\/\/contratacion.almunecar.es\/?p=6749"},"modified":"2023-12-15T09:38:25","modified_gmt":"2023-12-15T07:38:25","slug":"suministro-equipos-informaticos-para-servicios-sociales-del-ayuntamiento-de-almunecar-proyecto-financiado-en-su-totalidad-con-fondos-next-generation-eu-en-el-marco-del-plan-de-recuperacion-transfor","status":"publish","type":"post","link":"https:\/\/contratacion.almunecar.es\/?p=6749","title":{"rendered":"Expte. 116\/2023 (Gest. 8136\/2023) Suministro equipos inform\u00e1ticos para Servicios Sociales del Ayuntamiento de Almu\u00f1\u00e9car. Proyecto financiado en su totalidad con fondos NEXT GENERATION EU, en el marco del Plan de Recuperaci\u00f3n, Transformaci\u00f3n y Resiliencia PRTR 2023-2-004-1."},"content":{"rendered":"<p>19\/10\/2023 <a href=\"https:\/\/contratacion.almunecar.es\/wp-content\/uploads\/2023\/10\/INFORME-DE-NECESIDAD-E-IDONEIDAD.pdf\">INFORME DE NECESIDAD E IDONEIDAD<\/a><\/p>\n<p>19\/10\/2023 <a href=\"https:\/\/contratacion.almunecar.es\/wp-content\/uploads\/2023\/10\/INFORME-NO-DIVISION-LOTES-CONTRATO.pdf\">INFORME NO DIVISION LOTES CONTRATO<\/a><\/p>\n<p>19\/10\/2023 <a href=\"https:\/\/contratacion.almunecar.es\/wp-content\/uploads\/2023\/10\/MEMORIA-JUSTIFICATIVA.pdf\">MEMORIA JUSTIFICATIVA<\/a><\/p>\n<p>19\/10\/2023 <a href=\"https:\/\/contratacion.almunecar.es\/wp-content\/uploads\/2023\/10\/PLIEGO-TECNICO-SUMINISTRO-EQUPOS-INFORMATICOS-SERVICIOS-SOCIALES.pdf\">PLIEGO TECNICO SUMINISTRO EQUPOS INFORMATICOS SERVICIOS SOCIALES<\/a><\/p>\n<p>19\/10\/2023 <a href=\"https:\/\/contratacion.almunecar.es\/wp-content\/uploads\/2023\/10\/PCAP-SUMINISTRO-DE-EQUIPOS-INFORMATICOS-SERVICIOS-SOCIALES.pdf\">PCAP SUMINISTRO DE EQUIPOS INFORMATICOS SERVICIOS SOCIALES<\/a><\/p>\n<p>19\/10\/2023 <a href=\"https:\/\/contratacion.almunecar.es\/wp-content\/uploads\/2023\/10\/DECRETO-INICIACI\u00d3N-Y-APROBACI\u00d3N-EQUIPOS-INFORMATICOS-SERV-SOC.pdf\">DECRETO INICIACI\u00d3N Y APROBACI\u00d3N EQUIPOS INFORMATICOS SERV SOC<\/a><\/p>\n<p>19\/10\/2023 <a href=\"https:\/\/contratacion.almunecar.es\/wp-content\/uploads\/2023\/10\/PLACSP-ANUNCIO-LICITACI\u00d3N-EQUIPOS-INFORM\u00c1TICOS-SERV-SOC\u00c7.pdf\">PLACSP &#8211; ANUNCIO LICITACI\u00d3N EQUIPOS INFORM\u00c1TICOS SERV SOC\u00c7<\/a><\/p>\n<p>19\/10\/2023 <a href=\"https:\/\/contratacion.almunecar.es\/wp-content\/uploads\/2023\/10\/PLACSP-DOCUMENTO-PLIEGOS-EQUIPOS-INFORM\u00c1TICOS-SERV-SOC.pdf\">PLACSP &#8211; DOCUMENTO PLIEGOS EQUIPOS INFORM\u00c1TICOS SERV SOC<\/a><\/p>\n<p>Para m\u00e1s informaci\u00f3n y presentaci\u00f3n de Ofertas: <a href=\"https:\/\/contrataciondelestado.es\/wps\/poc?uri=deeplink%3Adetalle_licitacion&amp;idEvl=0uOaXHKdkCJrSd8H4b2soA%3D%3D\">click aqu\u00ed<\/a><\/p>\n<p>Fin presentaci\u00f3n de ofertas: 6\/11\/2023 a las 11:00 horas<\/p>\n<p>17\/11\/2023 <a href=\"https:\/\/contratacion.almunecar.es\/wp-content\/uploads\/2023\/10\/CITACION-MESA-DE-CONTRATACION-2023-11-21-2.pdf\">CITACION MESA DE CONTRATACION 2023-11-21<\/a><\/p>\n<p>29\/11\/2023 <a href=\"https:\/\/contratacion.almunecar.es\/wp-content\/uploads\/2023\/10\/ACTA-MESA-DE-CONTRATACION-2023-11-21-2.pdf\">ACTA MESA DE CONTRATACION 2023-11-21<\/a><\/p>\n<p>4\/12\/2023 <a href=\"https:\/\/contratacion.almunecar.es\/wp-content\/uploads\/2023\/10\/RA-REQUER-DE-DOCUMENTACION-EQUIPOS-INFORMATICOS-SS-SIL-THEHPSHOP-SL.pdf\">RA REQUER DE DOCUMENTACION EQUIPOS INFORMATICOS SS &#8211; SIL THEHPSHOP SL<\/a><\/p>\n<p>4\/12\/2023 <a href=\"https:\/\/contratacion.almunecar.es\/wp-content\/uploads\/2023\/10\/PLACSP-REQUER-DOCUMENTACION-EQUIPOS-INFORMATICOS-SS-SIL-THEHPSHOP-SL.pdf\">PLACSP &#8211; REQUER DOCUMENTACION EQUIPOS INFORMATICOS SS &#8211; SIL THEHPSHOP SL<\/a><\/p>\n<p>13\/12\/2023 <a href=\"https:\/\/contratacion.almunecar.es\/wp-content\/uploads\/2023\/10\/RA-ADJUDICACION-EQUIPOS-INFORMATICOS-S-SOCIALES-SIL-THEHPSHOP-SL.pdf\">RA ADJUDICACION EQUIPOS INFORMATICOS S SOCIALES- SIL THEHPSHOP SL<\/a><\/p>\n<p>13\/12\/2023 <a href=\"https:\/\/contratacion.almunecar.es\/wp-content\/uploads\/2023\/10\/PLACSP-ADJUDICACION-EQUIPOS-INFORMATICOS-S-SOCIALES-SIL-THEHPSHOP-SL.pdf\">PLACSP &#8211; ADJUDICACION EQUIPOS INFORMATICOS S SOCIALES- SIL THEHPSHOP SL<\/a><\/p>\n<p>15\/12\/2023 <a href=\"https:\/\/contratacion.almunecar.es\/wp-content\/uploads\/2023\/10\/PLACSP-FORMALIZACI\u00d3N-CONTRATO-SUM-EQUIPOS-INFORM\u00c1TICOS-SERV-SOC.pdf\">PLACSP &#8211; FORMALIZACI\u00d3N CONTRATO SUM EQUIPOS INFORM\u00c1TICOS SERV SOC<\/a><\/p>\n","protected":false},"excerpt":{"rendered":"<p>19\/10\/2023 INFORME DE NECESIDAD E IDONEIDAD 19\/10\/2023 INFORME NO DIVISION LOTES CONTRATO 19\/10\/2023 MEMORIA JUSTIFICATIVA 19\/10\/2023 PLIEGO TECNICO SUMINISTRO EQUPOS INFORMATICOS SERVICIOS SOCIALES 19\/10\/2023 PCAP SUMINISTRO DE EQUIPOS INFORMATICOS SERVICIOS SOCIALES 19\/10\/2023 DECRETO INICIACI\u00d3N Y APROBACI\u00d3N EQUIPOS INFORMATICOS SERV SOC 19\/10\/2023 PLACSP &#8211; ANUNCIO LICITACI\u00d3N EQUIPOS INFORM\u00c1TICOS SERV SOC\u00c7 19\/10\/2023 PLACSP &#8211; DOCUMENTO PLIEGOS EQUIPOS&hellip; <br \/> <a class=\"button small blue\" href=\"https:\/\/contratacion.almunecar.es\/?p=6749\">Leer m\u00e1s<\/a><\/p>\n","protected":false},"author":5,"featured_media":0,"comment_status":"closed","ping_status":"closed","sticky":false,"template":"","format":"standard","meta":{"_acf_changed":false,"footnotes":""},"categories":[5,3,7,12,4],"tags":[],"class_list":["post-6749","post","type-post","status-publish","format-standard","hentry","category-adjudicacion_final","category-anuncio","category-formalizacion","category-formalizacion-de-contrato","category-licitacion"],"acf":[],"_links":{"self":[{"href":"https:\/\/contratacion.almunecar.es\/index.php?rest_route=\/wp\/v2\/posts\/6749","targetHints":{"allow":["GET"]}}],"collection":[{"href":"https:\/\/contratacion.almunecar.es\/index.php?rest_route=\/wp\/v2\/posts"}],"about":[{"href":"https:\/\/contratacion.almunecar.es\/index.php?rest_route=\/wp\/v2\/types\/post"}],"author":[{"embeddable":true,"href":"https:\/\/contratacion.almunecar.es\/index.php?rest_route=\/wp\/v2\/users\/5"}],"replies":[{"embeddable":true,"href":"https:\/\/contratacion.almunecar.es\/index.php?rest_route=%2Fwp%2Fv2%2Fcomments&post=6749"}],"version-history":[{"count":8,"href":"https:\/\/contratacion.almunecar.es\/index.php?rest_route=\/wp\/v2\/posts\/6749\/revisions"}],"predecessor-version":[{"id":7136,"href":"https:\/\/contratacion.almunecar.es\/index.php?rest_route=\/wp\/v2\/posts\/6749\/revisions\/7136"}],"wp:attachment":[{"href":"https:\/\/contratacion.almunecar.es\/index.php?rest_route=%2Fwp%2Fv2%2Fmedia&parent=6749"}],"wp:term":[{"taxonomy":"category","embeddable":true,"href":"https:\/\/contratacion.almunecar.es\/index.php?rest_route=%2Fwp%2Fv2%2Fcategories&post=6749"},{"taxonomy":"post_tag","embeddable":true,"href":"https:\/\/contratacion.almunecar.es\/index.php?rest_route=%2Fwp%2Fv2%2Ftags&post=6749"}],"curies":[{"name":"wp","href":"https:\/\/api.w.org\/{rel}","templated":true}]}}