{"id":6633,"date":"2023-09-25T14:42:44","date_gmt":"2023-09-25T12:42:44","guid":{"rendered":"https:\/\/contratacion.almunecar.es\/?p=6633"},"modified":"2023-11-17T14:56:16","modified_gmt":"2023-11-17T12:56:16","slug":"expte-gest-3324-2021-concesion-administrativa-de-uso-privativo-del-subsuelo-del-vial-9-num-111-pgou-87-de-almunecar-hoja-num-28-proyecto-contencion-de-deslizamiento-y-reparacion-en-urbanizac","status":"publish","type":"post","link":"https:\/\/contratacion.almunecar.es\/?p=6633","title":{"rendered":"EXPTE. GEST 3324\/2021: CONCESI\u00d3N ADMINISTRATIVA DE USO PRIVATIVO DEL SUBSUELO DEL VIAL 9, N\u00daM. 111 PGOU 87 DE ALMU\u00d1\u00c9CAR (HOJA N\u00daM. 28). PROYECTO \u00abCONTENCI\u00d3N DE DESLIZAMIENTO Y REPARACI\u00d3N EN URBANIZACI\u00d3N EL FARO, ALMU\u00d1\u00c9CAR (GRANADA)\u00bb."},"content":{"rendered":"<p>25\/09\/2023 <a href=\"https:\/\/contratacion.almunecar.es\/wp-content\/uploads\/2023\/09\/PPTP-CONCESION-SUBSUELO-VIAL-URB-EL-FARO.pdf\">PPTP CONCESION SUBSUELO VIAL URB EL FARO<\/a><\/p>\n<p>25\/09\/2023 <a href=\"https:\/\/contratacion.almunecar.es\/wp-content\/uploads\/2023\/09\/PCAP-CONCESION-SUBSUELO-VIAL-URB-EL-FARO.pdf\">PCAP CONCESION SUBSUELO VIAL URB EL FARO<\/a><\/p>\n<p>25\/09\/2023 <a href=\"https:\/\/contratacion.almunecar.es\/wp-content\/uploads\/2023\/09\/MEMORIA-CONCESION-SUBSUELO-VIAL-URB-EL-FARO.pdf\">MEMORIA CONCESION SUBSUELO VIAL URB EL FARO<\/a><\/p>\n<p>25\/09\/2023 <a href=\"https:\/\/contratacion.almunecar.es\/wp-content\/uploads\/2023\/09\/AJGL-APROBACION-E-INICIACION-CONCESION-SUBSUELO-VIAL-9-URB-EL-FARO.pdf\">AJGL APROBACION E INICIACION CONCESION SUBSUELO VIAL 9 URB EL FARO<\/a><\/p>\n<p>25\/09\/2023 <a href=\"https:\/\/contratacion.almunecar.es\/wp-content\/uploads\/2023\/09\/PLACSP-ANUNCIO-DE-LICITACI\u00d3N-CONCESION-SUBSUELO-VIAL-URB.-EL-FARO.pdf\">PLACSP &#8211; ANUNCIO DE LICITACI\u00d3N CONCESION SUBSUELO VIAL URB. EL FARO<\/a><\/p>\n<p>25\/09\/2023 <a href=\"https:\/\/contratacion.almunecar.es\/wp-content\/uploads\/2023\/09\/PLACSP-DOCUMENTO-DE-PLIEGOS-CONCESION-SUBSUELO-VIAL-URB.-EL-FARO.pdf\">PLACSP &#8211; DOCUMENTO DE PLIEGOS CONCESION SUBSUELO VIAL URB. EL FARO<\/a><\/p>\n<p>Para m\u00e1s informaci\u00f3n y presentaci\u00f3n de Oferta: <a href=\"https:\/\/contrataciondelestado.es\/wps\/poc?uri=deeplink%3Adetalle_licitacion&amp;idEvl=NLt%2BXKkrKQ6TylGzYmBF9Q%3D%3D\">click aqu\u00ed<\/a><\/p>\n<p>11\/10\/2023 <a href=\"https:\/\/contratacion.almunecar.es\/wp-content\/uploads\/2023\/09\/CITACION-MESA-DE-CONTRATACION-2023-10-17-1.pdf\">CITACION MESA DE CONTRATACION 2023-10-17<\/a><\/p>\n<p>19\/10\/2023 <a href=\"https:\/\/contratacion.almunecar.es\/wp-content\/uploads\/2023\/09\/ACTA-MESA-DE-CONTRATACION-2023-10-17.pdf\">ACTA MESA DE CONTRATACION 2023-10-17<\/a><\/p>\n<p>25\/10\/2023 <a href=\"https:\/\/contratacion.almunecar.es\/wp-content\/uploads\/2023\/09\/RA.-REQUER.-DE-DOCUMENTACION-URB.-EL-FARO-SITESUR-C.-S.L.pdf\">RA. REQUER. DE DOCUMENTACION URB. EL FARO &#8211; SITESUR C. S.L<\/a><\/p>\n<p>25\/10\/2023 <a href=\"https:\/\/contratacion.almunecar.es\/wp-content\/uploads\/2023\/09\/PLACSP-COMUNIC.-REQUERIMIENTO-DE-DOC.-A-SITESUR-C.-S.L.pdf\">PLACSP -COMUNIC. REQUERIMIENTO DE DOC. A SITESUR C. S.L<\/a><\/p>\n<p>08\/11\/2023 <a href=\"https:\/\/contratacion.almunecar.es\/wp-content\/uploads\/2023\/09\/RA-ADJUDICACION-URB-EL-FARO-SITESUR-CIMENTACIONES-SL.pdf\">RA ADJUDICACION URB EL FARO &#8211; SITESUR CIMENTACIONES SL<\/a><\/p>\n<p>08\/11\/2023 <a href=\"https:\/\/contratacion.almunecar.es\/wp-content\/uploads\/2023\/09\/PLACSP-ADJUDICACI\u00d3N-CONCESI\u00d3N-SUBSUELO-VIAL-9-URB.-EL-FARO-SITESUR-CIMENTACIONES-S.L.pdf\">PLACSP &#8211; ADJUDICACI\u00d3N CONCESI\u00d3N SUBSUELO VIAL 9 URB. EL FARO &#8211; SITESUR CIMENTACIONES S.L<\/a><\/p>\n<p>17\/11\/2023 <a href=\"https:\/\/contratacion.almunecar.es\/wp-content\/uploads\/2023\/09\/PLACSP-FORMALIZACI\u00d3N-CONTRATO-CONCESI\u00d3N-SUBSUELO-URB-EL-FARO.pdf\">PLACSP &#8211; FORMALIZACI\u00d3N CONTRATO CONCESI\u00d3N SUBSUELO URB EL FARO<\/a><\/p>\n<p>&nbsp;<\/p>\n<p>&nbsp;<\/p>\n<p>&nbsp;<\/p>\n","protected":false},"excerpt":{"rendered":"<p>25\/09\/2023 PPTP CONCESION SUBSUELO VIAL URB EL FARO 25\/09\/2023 PCAP CONCESION SUBSUELO VIAL URB EL FARO 25\/09\/2023 MEMORIA CONCESION SUBSUELO VIAL URB EL FARO 25\/09\/2023 AJGL APROBACION E INICIACION CONCESION SUBSUELO VIAL 9 URB EL FARO 25\/09\/2023 PLACSP &#8211; ANUNCIO DE LICITACI\u00d3N CONCESION SUBSUELO VIAL URB. EL FARO 25\/09\/2023 PLACSP &#8211; DOCUMENTO DE PLIEGOS CONCESION&hellip; <br \/> <a class=\"button small blue\" href=\"https:\/\/contratacion.almunecar.es\/?p=6633\">Leer m\u00e1s<\/a><\/p>\n","protected":false},"author":5,"featured_media":0,"comment_status":"closed","ping_status":"closed","sticky":false,"template":"","format":"standard","meta":{"_acf_changed":false,"footnotes":""},"categories":[5,3,7,12,4],"tags":[],"class_list":["post-6633","post","type-post","status-publish","format-standard","hentry","category-adjudicacion_final","category-anuncio","category-formalizacion","category-formalizacion-de-contrato","category-licitacion"],"acf":[],"_links":{"self":[{"href":"https:\/\/contratacion.almunecar.es\/index.php?rest_route=\/wp\/v2\/posts\/6633","targetHints":{"allow":["GET"]}}],"collection":[{"href":"https:\/\/contratacion.almunecar.es\/index.php?rest_route=\/wp\/v2\/posts"}],"about":[{"href":"https:\/\/contratacion.almunecar.es\/index.php?rest_route=\/wp\/v2\/types\/post"}],"author":[{"embeddable":true,"href":"https:\/\/contratacion.almunecar.es\/index.php?rest_route=\/wp\/v2\/users\/5"}],"replies":[{"embeddable":true,"href":"https:\/\/contratacion.almunecar.es\/index.php?rest_route=%2Fwp%2Fv2%2Fcomments&post=6633"}],"version-history":[{"count":8,"href":"https:\/\/contratacion.almunecar.es\/index.php?rest_route=\/wp\/v2\/posts\/6633\/revisions"}],"predecessor-version":[{"id":6931,"href":"https:\/\/contratacion.almunecar.es\/index.php?rest_route=\/wp\/v2\/posts\/6633\/revisions\/6931"}],"wp:attachment":[{"href":"https:\/\/contratacion.almunecar.es\/index.php?rest_route=%2Fwp%2Fv2%2Fmedia&parent=6633"}],"wp:term":[{"taxonomy":"category","embeddable":true,"href":"https:\/\/contratacion.almunecar.es\/index.php?rest_route=%2Fwp%2Fv2%2Fcategories&post=6633"},{"taxonomy":"post_tag","embeddable":true,"href":"https:\/\/contratacion.almunecar.es\/index.php?rest_route=%2Fwp%2Fv2%2Ftags&post=6633"}],"curies":[{"name":"wp","href":"https:\/\/api.w.org\/{rel}","templated":true}]}}