{"id":6585,"date":"2023-09-19T13:07:14","date_gmt":"2023-09-19T11:07:14","guid":{"rendered":"https:\/\/contratacion.almunecar.es\/?p=6585"},"modified":"2024-03-08T09:41:50","modified_gmt":"2024-03-08T07:41:50","slug":"expte-102-2023-gest-2881-2023-diseno-fabricacion-suministro-instalacion-configuracion-y-puesta-en-marcha-de-una-red-de-mobiliario-urbano-inteligente-smart-cubes-proyecto-financiado-en-su-total","status":"publish","type":"post","link":"https:\/\/contratacion.almunecar.es\/?p=6585","title":{"rendered":"EXPTE 102\/2023 GEST. 2881\/2023. DISE\u00d1O, FABRICACI\u00d3N, SUMINISTRO, INSTALACI\u00d3N, CONFIGURACI\u00d3N Y PUESTA EN MARCHA DE UNA RED DE MOBILIARIO URBANO INTELIGENTE (SMART CUBES) Proyecto financiado en su totalidad con fondos NEXT GENERATION EU, a trav\u00e9s de los Planes de Sostenibilidad Tur\u00edstica en Destino \u2013Convocatoria Extraordinaria del ejercicio 2021) en el marco del Plan de Recuperaci\u00f3n, Transformaci\u00f3n y Resilencia-"},"content":{"rendered":"<p>19\/09\/2023 <a href=\"https:\/\/contratacion.almunecar.es\/wp-content\/uploads\/2023\/09\/Informe-necesidad-e-insuficiencia-de-medios.pdf\">Informe necesidad e insuficiencia de medios<\/a><\/p>\n<p>19\/09\/2023 <a href=\"https:\/\/contratacion.almunecar.es\/wp-content\/uploads\/2023\/09\/Informe-no-division-por-lotes.pdf\">Informe no division por lotes<\/a><\/p>\n<p>19\/09\/2023 <a href=\"https:\/\/contratacion.almunecar.es\/wp-content\/uploads\/2023\/09\/MEMORIA-JUSTIFICATIVA-1.pdf\">MEMORIA JUSTIFICATIVA<\/a><\/p>\n<p>19\/09\/2023<a href=\"https:\/\/contratacion.almunecar.es\/wp-content\/uploads\/2023\/09\/PPTP-DISENO-FABRICACION-SUMINISTRO-INSTALACION-CONFIGURACION-Y-PUESTA-EN-MARCHA-DE-SMART-CUBES.pdf\">PPTP DISENO FABRICACION SUMINISTRO INSTALACION CONFIGURACION Y PUESTA EN MARCHA DE SMART CUBES<\/a><\/p>\n<p>19\/09\/2023 <a href=\"https:\/\/contratacion.almunecar.es\/wp-content\/uploads\/2023\/09\/PLIEGO-ADMINISTRATIVO-SUMINISTRO-E-INSTALACION-SMART-CUBES.pdf\">PLIEGO ADMINISTRATIVO SUMINISTRO E INSTALACION SMART CUBES<\/a><\/p>\n<p>19\/09\/2023 <a href=\"https:\/\/contratacion.almunecar.es\/wp-content\/uploads\/2023\/09\/RA-APROBACION-E-INICIACION-SUMINISTRO-SMART-CUBES.pdf\">RA APROBACION E INICIACION SUMINISTRO SMART CUBES<\/a><\/p>\n<p>Para m\u00e1s informaci\u00f3n y presentaci\u00f3n de ofertas: <a href=\"https:\/\/contrataciondelestado.es\/wps\/poc?uri=deeplink%3Adetalle_licitacion&amp;idEvl=blD%2FiP0RQ6%2B5HQrHoP3G5A%3D%3D\">click aqu\u00ed<\/a><\/p>\n<p>las ofertas se podr\u00e1n presentar hasta el d\u00eda 5\/10\/2023, hasta las 11:00 horas<\/p>\n<p>29\/09\/2023 <a href=\"https:\/\/contratacion.almunecar.es\/wp-content\/uploads\/2023\/09\/INFORME-RECTIFICATORIO-PLIEGO-DE-PRESCRIPCIONES-TECNICAS.pdf\">INFORME RECTIFICATORIO PLIEGO DE PRESCRIPCIONES TECNICAS<\/a><\/p>\n<p>19\/12\/2023 <a href=\"https:\/\/contratacion.almunecar.es\/wp-content\/uploads\/2023\/11\/CITACION-MESA-DE-CONTRATACION-2023-12-22.pdf\">CITACION MESA DE CONTRATACION 2023-12-22<\/a><\/p>\n<p>05\/01\/2024 <a href=\"https:\/\/contratacion.almunecar.es\/wp-content\/uploads\/2023\/11\/ACTA-MESA-DE-CONTRATACION-2023-12-22.pdf\">ACTA MESA DE CONTRATACION 2023-12-22<\/a><\/p>\n<p>09\/01\/2024 <a href=\"https:\/\/contratacion.almunecar.es\/wp-content\/uploads\/2023\/09\/RA-REQUERIMIENTO-DOC-SMART-CUBES-ORI.pdf\">RA REQUERIMIENTO DOC SMART CUBES &#8211; ORI<\/a><\/p>\n<p>09\/01\/2024 <a href=\"https:\/\/contratacion.almunecar.es\/wp-content\/uploads\/2023\/09\/PLACSP-REQUERIMIENTO-DOCUMENTACION-SMART-CUBES-ORION.pdf\">PLACSP &#8211; REQUERIMIENTO DOCUMENTACION SMART CUBES &#8211; ORION<\/a><\/p>\n<p>13\/02\/2024 <a href=\"https:\/\/contratacion.almunecar.es\/wp-content\/uploads\/2023\/09\/RA-ADJUDICACION-SMART-CUBES-ORION.pdf\">RA ADJUDICACION SMART CUBES &#8211; ORION<\/a><\/p>\n<p>13\/02\/2024 <a href=\"https:\/\/contratacion.almunecar.es\/wp-content\/uploads\/2023\/09\/PLACSP-ADJUDICACION-SMART-CUBES-ORION.pdf\">PLACSP &#8211; ADJUDICACION SMART CUBES &#8211; ORION<\/a><\/p>\n<p>08\/03\/2024 <a href=\"https:\/\/contratacion.almunecar.es\/wp-content\/uploads\/2023\/09\/PLACSP-FORMALIZACI\u00d3N-SMART-CUBES.pdf\">PLACSP &#8211; FORMALIZACI\u00d3N SMART CUBES<\/a><\/p>\n<p>&nbsp;<\/p>\n","protected":false},"excerpt":{"rendered":"<p>19\/09\/2023 Informe necesidad e insuficiencia de medios 19\/09\/2023 Informe no division por lotes 19\/09\/2023 MEMORIA JUSTIFICATIVA 19\/09\/2023PPTP DISENO FABRICACION SUMINISTRO INSTALACION CONFIGURACION Y PUESTA EN MARCHA DE SMART CUBES 19\/09\/2023 PLIEGO ADMINISTRATIVO SUMINISTRO E INSTALACION SMART CUBES 19\/09\/2023 RA APROBACION E INICIACION SUMINISTRO SMART CUBES Para m\u00e1s informaci\u00f3n y presentaci\u00f3n de ofertas: click aqu\u00ed las&hellip; <br \/> <a class=\"button small blue\" href=\"https:\/\/contratacion.almunecar.es\/?p=6585\">Leer m\u00e1s<\/a><\/p>\n","protected":false},"author":5,"featured_media":0,"comment_status":"closed","ping_status":"closed","sticky":false,"template":"","format":"standard","meta":{"_acf_changed":false,"footnotes":""},"categories":[5,3,7,12,4],"tags":[],"class_list":["post-6585","post","type-post","status-publish","format-standard","hentry","category-adjudicacion_final","category-anuncio","category-formalizacion","category-formalizacion-de-contrato","category-licitacion"],"acf":[],"_links":{"self":[{"href":"https:\/\/contratacion.almunecar.es\/index.php?rest_route=\/wp\/v2\/posts\/6585","targetHints":{"allow":["GET"]}}],"collection":[{"href":"https:\/\/contratacion.almunecar.es\/index.php?rest_route=\/wp\/v2\/posts"}],"about":[{"href":"https:\/\/contratacion.almunecar.es\/index.php?rest_route=\/wp\/v2\/types\/post"}],"author":[{"embeddable":true,"href":"https:\/\/contratacion.almunecar.es\/index.php?rest_route=\/wp\/v2\/users\/5"}],"replies":[{"embeddable":true,"href":"https:\/\/contratacion.almunecar.es\/index.php?rest_route=%2Fwp%2Fv2%2Fcomments&post=6585"}],"version-history":[{"count":8,"href":"https:\/\/contratacion.almunecar.es\/index.php?rest_route=\/wp\/v2\/posts\/6585\/revisions"}],"predecessor-version":[{"id":7465,"href":"https:\/\/contratacion.almunecar.es\/index.php?rest_route=\/wp\/v2\/posts\/6585\/revisions\/7465"}],"wp:attachment":[{"href":"https:\/\/contratacion.almunecar.es\/index.php?rest_route=%2Fwp%2Fv2%2Fmedia&parent=6585"}],"wp:term":[{"taxonomy":"category","embeddable":true,"href":"https:\/\/contratacion.almunecar.es\/index.php?rest_route=%2Fwp%2Fv2%2Fcategories&post=6585"},{"taxonomy":"post_tag","embeddable":true,"href":"https:\/\/contratacion.almunecar.es\/index.php?rest_route=%2Fwp%2Fv2%2Ftags&post=6585"}],"curies":[{"name":"wp","href":"https:\/\/api.w.org\/{rel}","templated":true}]}}