{"id":6573,"date":"2023-09-18T09:15:33","date_gmt":"2023-09-18T07:15:33","guid":{"rendered":"https:\/\/contratacion.almunecar.es\/?p=6573"},"modified":"2023-11-09T14:26:27","modified_gmt":"2023-11-09T12:26:27","slug":"expte-70-2023-gest-5538-2023-servicios-socio-educativos-y-de-comedor-en-las-escuelas-infantiles-de-almunecar","status":"publish","type":"post","link":"https:\/\/contratacion.almunecar.es\/?p=6573","title":{"rendered":"EXPTE 70\/2023 (GEST. 5538\/2023) SERVICIOS SOCIO-EDUCATIVOS Y DE COMEDOR EN LAS ESCUELAS INFANTILES DE ALMU\u00d1\u00c9CAR."},"content":{"rendered":"<p>18\/09\/2023 <a href=\"https:\/\/contratacion.almunecar.es\/wp-content\/uploads\/2023\/09\/INFORME-DE-NECESIDAD.pdf\">INFORME DE NECESIDAD<\/a><\/p>\n<p>18\/09\/2023 <a href=\"https:\/\/contratacion.almunecar.es\/wp-content\/uploads\/2023\/09\/INFORME-NO-DIVISION-DE-ESCUELAS-INFANTILES.pdf\">INFORME NO DIVISION DE ESCUELAS INFANTILES<\/a><\/p>\n<p>18\/09\/2023 <a href=\"https:\/\/contratacion.almunecar.es\/wp-content\/uploads\/2023\/09\/MEMORIA-JUSTIFICATIVA.pdf\">MEMORIA JUSTIFICATIVA<\/a><\/p>\n<p>18\/09\/2023 <a href=\"https:\/\/contratacion.almunecar.es\/wp-content\/uploads\/2023\/09\/PLIEGO-ADMINISTRATIVO-SERVICIOS-EDUCATIVOS-EI-MUNICIPALES.pdf\">PLIEGO ADMINISTRATIVO SERVICIOS EDUCATIVOS EI MUNICIPALES<\/a><\/p>\n<p>18\/09\/2023 <a href=\"https:\/\/contratacion.almunecar.es\/wp-content\/uploads\/2023\/09\/Pliego-Prescripciones-Tecnicas-Centros-Infantiles.pdf\">Pliego Prescripciones Tecnicas Centros Infantiles<\/a><\/p>\n<p>18\/09\/2023 <a href=\"https:\/\/contratacion.almunecar.es\/wp-content\/uploads\/2023\/09\/RA-APROBACION-E-INICIACIN-SERVICIO-ESCUELAS-INFANTILES.pdf\">RA APROBACION E INICIACIN SERVICIO ESCUELAS INFANTILES<\/a><\/p>\n<p>18\/09\/2023 <a href=\"https:\/\/contratacion.almunecar.es\/wp-content\/uploads\/2023\/09\/DOUE-ANUNCIO-LICITACI\u00d3N-ESCUELAS-INFANTILES.pdf\">DOUE &#8211; ANUNCIO LICITACI\u00d3N ESCUELAS INFANTILES<\/a><\/p>\n<p>18\/09\/2023 <a href=\"https:\/\/contratacion.almunecar.es\/wp-content\/uploads\/2023\/09\/PLACSP-ANUNCIO-LICITACI\u00d3N-ESCUELAS-INFANTILES.pdf\">PLACSP &#8211; ANUNCIO LICITACI\u00d3N ESCUELAS INFANTILES<\/a><\/p>\n<p>18\/09\/2023 <a href=\"https:\/\/contratacion.almunecar.es\/wp-content\/uploads\/2023\/09\/PLACSP-DOCUMENTO-PLIEGOS-ESCUELAS-INFANTILES.pdf\">PLACSP &#8211; DOCUMENTO PLIEGOS ESCUELAS INFANTILES<\/a><\/p>\n<p>Para m\u00e1s informaci\u00f3n y presentaci\u00f3n de Ofertas: <a href=\"https:\/\/contrataciondelestado.es\/wps\/poc?uri=deeplink%3Adetalle_licitacion&amp;idEvl=p6muE%2BUgWGc7u6%2B%2FR7DUoA%3D%3D\">click aqu\u00ed<\/a><\/p>\n<p>La presentaci\u00f3n de ofertas ser\u00e1 hasta el d\u00eda 20\/10\/2023, 11:00 horas<\/p>\n<p>31\/10\/2023 <a href=\"https:\/\/contratacion.almunecar.es\/wp-content\/uploads\/2023\/10\/CITACION-MESA-DE-CONTRATACION-2023-11-07.pdf\">CITACION MESA DE CONTRATACION 2023-11-07<\/a><\/p>\n<p>9\/11\/2023 <a href=\"https:\/\/contratacion.almunecar.es\/wp-content\/uploads\/2023\/09\/ACTA-MESA-DE-CONTRATACION-2023-11-07.pdf\">ACTA MESA DE CONTRATACION 2023-11-07<\/a><\/p>\n","protected":false},"excerpt":{"rendered":"<p>18\/09\/2023 INFORME DE NECESIDAD 18\/09\/2023 INFORME NO DIVISION DE ESCUELAS INFANTILES 18\/09\/2023 MEMORIA JUSTIFICATIVA 18\/09\/2023 PLIEGO ADMINISTRATIVO SERVICIOS EDUCATIVOS EI MUNICIPALES 18\/09\/2023 Pliego Prescripciones Tecnicas Centros Infantiles 18\/09\/2023 RA APROBACION E INICIACIN SERVICIO ESCUELAS INFANTILES 18\/09\/2023 DOUE &#8211; ANUNCIO LICITACI\u00d3N ESCUELAS INFANTILES 18\/09\/2023 PLACSP &#8211; ANUNCIO LICITACI\u00d3N ESCUELAS INFANTILES 18\/09\/2023 PLACSP &#8211; DOCUMENTO PLIEGOS ESCUELAS&hellip; <br \/> <a class=\"button small blue\" href=\"https:\/\/contratacion.almunecar.es\/?p=6573\">Leer m\u00e1s<\/a><\/p>\n","protected":false},"author":5,"featured_media":0,"comment_status":"closed","ping_status":"closed","sticky":false,"template":"","format":"standard","meta":{"_acf_changed":false,"footnotes":""},"categories":[1],"tags":[],"class_list":["post-6573","post","type-post","status-publish","format-standard","hentry","category-sin_categoria"],"acf":[],"_links":{"self":[{"href":"https:\/\/contratacion.almunecar.es\/index.php?rest_route=\/wp\/v2\/posts\/6573","targetHints":{"allow":["GET"]}}],"collection":[{"href":"https:\/\/contratacion.almunecar.es\/index.php?rest_route=\/wp\/v2\/posts"}],"about":[{"href":"https:\/\/contratacion.almunecar.es\/index.php?rest_route=\/wp\/v2\/types\/post"}],"author":[{"embeddable":true,"href":"https:\/\/contratacion.almunecar.es\/index.php?rest_route=\/wp\/v2\/users\/5"}],"replies":[{"embeddable":true,"href":"https:\/\/contratacion.almunecar.es\/index.php?rest_route=%2Fwp%2Fv2%2Fcomments&post=6573"}],"version-history":[{"count":4,"href":"https:\/\/contratacion.almunecar.es\/index.php?rest_route=\/wp\/v2\/posts\/6573\/revisions"}],"predecessor-version":[{"id":6874,"href":"https:\/\/contratacion.almunecar.es\/index.php?rest_route=\/wp\/v2\/posts\/6573\/revisions\/6874"}],"wp:attachment":[{"href":"https:\/\/contratacion.almunecar.es\/index.php?rest_route=%2Fwp%2Fv2%2Fmedia&parent=6573"}],"wp:term":[{"taxonomy":"category","embeddable":true,"href":"https:\/\/contratacion.almunecar.es\/index.php?rest_route=%2Fwp%2Fv2%2Fcategories&post=6573"},{"taxonomy":"post_tag","embeddable":true,"href":"https:\/\/contratacion.almunecar.es\/index.php?rest_route=%2Fwp%2Fv2%2Ftags&post=6573"}],"curies":[{"name":"wp","href":"https:\/\/api.w.org\/{rel}","templated":true}]}}