{"id":6540,"date":"2023-09-13T13:52:45","date_gmt":"2023-09-13T11:52:45","guid":{"rendered":"https:\/\/contratacion.almunecar.es\/?p=6540"},"modified":"2024-02-16T11:41:29","modified_gmt":"2024-02-16T09:41:29","slug":"101-2023-gest-4619-2023-servicio-de-catering-en-las-escuelas-infantiles-municipales-de-almunecar","status":"publish","type":"post","link":"https:\/\/contratacion.almunecar.es\/?p=6540","title":{"rendered":"101\/2023 GEST. 4619\/2023. Servicio de Catering en las Escuelas Infantiles municipales de Almu\u00f1\u00e9car."},"content":{"rendered":"<p>13\/09\/2023 <a href=\"https:\/\/contratacion.almunecar.es\/wp-content\/uploads\/2023\/09\/INFORME-DE-NECESIDAD-CATERING-PARA-ESCUELAS-INFANTILES.pdf\">INFORME DE NECESIDAD CATERING PARA ESCUEL<\/a><a href=\"https:\/\/contratacion.almunecar.es\/wp-content\/uploads\/2023\/09\/INFORME-DE-NECESIDAD-CATERING-PARA-ESCUELAS-INFANTILES.pdf\">AS INFANTILES<\/a><\/p>\n<p>13\/09\/2023 <a href=\"https:\/\/contratacion.almunecar.es\/wp-content\/uploads\/2023\/09\/INFORME-NO-LOTES-CATERING.pdf\">INFORME NO LOTES CATERING<\/a><\/p>\n<p>13\/09\/2023 <a href=\"https:\/\/contratacion.almunecar.es\/wp-content\/uploads\/2023\/09\/MEMORIA-JUSTIFICATIVA-CATERING-GUARDERIAS.pdf\">MEMORIA JUSTIFICATIVA CATERING GUARDERIAS<\/a><\/p>\n<p>13\/09\/2023 <a href=\"https:\/\/contratacion.almunecar.es\/wp-content\/uploads\/2023\/09\/PLIEGO-TECNICO-CATERING-GUARDERIAS.pdf\">PLIEGO TECNICO CATERING GUARDERIAS<\/a><\/p>\n<p>13\/09\/2023 <a href=\"https:\/\/contratacion.almunecar.es\/wp-content\/uploads\/2023\/09\/PLIEGO-ADMINISTRATIVO-SERVICIO-DE-CATERING.pdf\">PLIEGO ADMINISTRATIVO SERVICIO DE CATERING<\/a><\/p>\n<p>13\/09\/2023 <a href=\"https:\/\/contratacion.almunecar.es\/wp-content\/uploads\/2023\/09\/RA-APROB-E-INICIACION-DE-EXPTE-SERVICIO-DE-CATERING-EN-ESCUELAS-INFANTILES.pdf\">RA APROB E INICIACION DE EXPTE SERVICIO DE CATERING EN ESCUELAS INFANTILES<\/a><\/p>\n<p>13\/09\/2023 <a href=\"https:\/\/contratacion.almunecar.es\/wp-content\/uploads\/2023\/09\/DOUE-ANUNCIO-LICITACI\u00d3N-CATERING-GUARDER\u00cdAS-MUNICIPALES.pdf\">DOUE &#8211; ANUNCIO LICITACI\u00d3N CATERING GUARDER\u00cdAS MUNICIPALES<\/a><\/p>\n<p>13\/09\/2023 <a href=\"https:\/\/contratacion.almunecar.es\/wp-content\/uploads\/2023\/09\/PLACSP-ANUNCIO-LICITACI\u00d3N-CATERING-GUARDER\u00cdAS-MUNICIPALES.pdf\">PLACSP &#8211; ANUNCIO LICITACI\u00d3N CATERING GUARDER\u00cdAS MUNICIPALES<\/a><\/p>\n<p>13\/09\/2023 <a href=\"https:\/\/contratacion.almunecar.es\/wp-content\/uploads\/2023\/09\/PLACSP-DOCUMENTO-PLIEGOS-CATERING-GUARDER\u00cdAS-MUNICIPALES.pdf\">PLACSP &#8211; DOCUMENTO PLIEGOS CATERING GUARDER\u00cdAS MUNICIPALES<\/a><\/p>\n<p>Para m\u00e1s informaci\u00f3n y presentaci\u00f3n de ofertas: <a href=\"https:\/\/contrataciondelestado.es\/wps\/poc?uri=deeplink%3Adetalle_licitacion&amp;idEvl=0QmuwBQ9cba9Hd5zqvq9cg%3D%3D\">click aqu\u00ed<\/a><\/p>\n<p>El plazo de presentaci\u00f3n de ofertas es hasta el 17\/10\/2023 hasta las 11:00 horas.<\/p>\n<p>31\/10\/2023 <a href=\"https:\/\/contratacion.almunecar.es\/wp-content\/uploads\/2023\/10\/CITACION-MESA-DE-CONTRATACION-2023-11-07.pdf\">CITACION MESA DE CONTRATACION 2023-11-07<\/a><\/p>\n<p>9\/11\/2023 <a href=\"https:\/\/contratacion.almunecar.es\/wp-content\/uploads\/2023\/09\/ACTA-MESA-DE-CONTRATACION-2023-11-07-1.pdf\">ACTA MESA DE CONTRATACION 2023-11-07<\/a><\/p>\n<p>11\/12\/2023 <a href=\"https:\/\/contratacion.almunecar.es\/wp-content\/uploads\/2023\/09\/RA-REQUERIMIENTO-DOCUMENTACION-CATERING-GUARDERIAS-GLOBAL-COLECTIVIDADES.pdf\">RA REQUERIMIENTO DOCUMENTACION CATERING GUARDERIAS &#8211; GLOBAL COLECTIVIDADES<\/a><\/p>\n<p>11\/12\/2023 <a href=\"https:\/\/contratacion.almunecar.es\/wp-content\/uploads\/2023\/09\/PLACSP-COMUNICACION-REQ-DOC-CATERING-GUARDERIAS-GLOBAL-COL.pdf\">PLACSP &#8211; COMUNICACION REQ DOC CATERING GUARDERIAS &#8211; GLOBAL COL<\/a><\/p>\n<p>19\/01\/2024 <a href=\"https:\/\/contratacion.almunecar.es\/wp-content\/uploads\/2023\/09\/RA-ADJUDICACION-CATERING-ESCUELAS-INFANTILES-GLOBAL-COLECTIVIDADES-SL.pdf\">RA ADJUDICACION CATERING ESCUELAS INFANTILES &#8211; GLOBAL COLECTIVIDADES SL<\/a><\/p>\n<p>19\/01\/2024 <a href=\"https:\/\/contratacion.almunecar.es\/wp-content\/uploads\/2023\/09\/PLACSP-ADJUDICACI\u00d3N-CATERING-ESCUELAS-INFANTILES-GLOBAL-COLECTIVIDADES-S.L.pdf\">PLACSP &#8211; ADJUDICACI\u00d3N CATERING ESCUELAS INFANTILES &#8211; GLOBAL COLECTIVIDADES S.L<\/a><\/p>\n<p>16\/02\/2024 <a href=\"https:\/\/contratacion.almunecar.es\/wp-content\/uploads\/2023\/09\/PLACSP-FORMALIZACI\u00d3N-CATERING-ESCUELAS-INFANTILES.pdf\">PLACSP &#8211; FORMALIZACI\u00d3N CATERING ESCUELAS INFANTILES<\/a><\/p>\n","protected":false},"excerpt":{"rendered":"<p>13\/09\/2023 INFORME DE NECESIDAD CATERING PARA ESCUELAS INFANTILES 13\/09\/2023 INFORME NO LOTES CATERING 13\/09\/2023 MEMORIA JUSTIFICATIVA CATERING GUARDERIAS 13\/09\/2023 PLIEGO TECNICO CATERING GUARDERIAS 13\/09\/2023 PLIEGO ADMINISTRATIVO SERVICIO DE CATERING 13\/09\/2023 RA APROB E INICIACION DE EXPTE SERVICIO DE CATERING EN ESCUELAS INFANTILES 13\/09\/2023 DOUE &#8211; ANUNCIO LICITACI\u00d3N CATERING GUARDER\u00cdAS MUNICIPALES 13\/09\/2023 PLACSP &#8211; ANUNCIO LICITACI\u00d3N&hellip; <br \/> <a class=\"button small blue\" href=\"https:\/\/contratacion.almunecar.es\/?p=6540\">Leer m\u00e1s<\/a><\/p>\n","protected":false},"author":5,"featured_media":0,"comment_status":"closed","ping_status":"closed","sticky":false,"template":"","format":"standard","meta":{"_acf_changed":false,"footnotes":""},"categories":[5,3,7,12,4],"tags":[],"class_list":["post-6540","post","type-post","status-publish","format-standard","hentry","category-adjudicacion_final","category-anuncio","category-formalizacion","category-formalizacion-de-contrato","category-licitacion"],"acf":[],"_links":{"self":[{"href":"https:\/\/contratacion.almunecar.es\/index.php?rest_route=\/wp\/v2\/posts\/6540","targetHints":{"allow":["GET"]}}],"collection":[{"href":"https:\/\/contratacion.almunecar.es\/index.php?rest_route=\/wp\/v2\/posts"}],"about":[{"href":"https:\/\/contratacion.almunecar.es\/index.php?rest_route=\/wp\/v2\/types\/post"}],"author":[{"embeddable":true,"href":"https:\/\/contratacion.almunecar.es\/index.php?rest_route=\/wp\/v2\/users\/5"}],"replies":[{"embeddable":true,"href":"https:\/\/contratacion.almunecar.es\/index.php?rest_route=%2Fwp%2Fv2%2Fcomments&post=6540"}],"version-history":[{"count":7,"href":"https:\/\/contratacion.almunecar.es\/index.php?rest_route=\/wp\/v2\/posts\/6540\/revisions"}],"predecessor-version":[{"id":7367,"href":"https:\/\/contratacion.almunecar.es\/index.php?rest_route=\/wp\/v2\/posts\/6540\/revisions\/7367"}],"wp:attachment":[{"href":"https:\/\/contratacion.almunecar.es\/index.php?rest_route=%2Fwp%2Fv2%2Fmedia&parent=6540"}],"wp:term":[{"taxonomy":"category","embeddable":true,"href":"https:\/\/contratacion.almunecar.es\/index.php?rest_route=%2Fwp%2Fv2%2Fcategories&post=6540"},{"taxonomy":"post_tag","embeddable":true,"href":"https:\/\/contratacion.almunecar.es\/index.php?rest_route=%2Fwp%2Fv2%2Ftags&post=6540"}],"curies":[{"name":"wp","href":"https:\/\/api.w.org\/{rel}","templated":true}]}}