{"id":6488,"date":"2023-09-05T12:28:26","date_gmt":"2023-09-05T10:28:26","guid":{"rendered":"https:\/\/contratacion.almunecar.es\/?p=6488"},"modified":"2023-09-05T12:28:26","modified_gmt":"2023-09-05T10:28:26","slug":"expte-no-121-2023-gestiona-no-8850-2023-obras-de-reparaciones-y-mejoras-en-viviendas-de-residencia-de-la-tercera-edad-en-almunecar","status":"publish","type":"post","link":"https:\/\/contratacion.almunecar.es\/?p=6488","title":{"rendered":"EXPTE. N\u00ba 121\/2023 (GESTIONA N\u00ba 8850\/2023): OBRAS DE REPARACIONES Y MEJORAS EN VIVIENDAS DE  RESIDENCIA DE LA TERCERA EDAD EN ALMU\u00d1ECAR"},"content":{"rendered":"<p>PARA LA PRESENTACI\u00d3N DE OFERTAS ES NECESARIO PRESENTAR PRESUPUESTOS Y DECLARACI\u00d3N RESPONSABLE (PERSONA F\u00cdSICA O JUR\u00cdDICA), O A TRAV\u00c9S DE LA SEDE ELECTR\u00d3NICA DEL AYUNTAMIENTO DE ALMU\u00d1ECAR.<\/p>\n<p>05\/09\/2023<a href=\"https:\/\/contratacion.almunecar.es\/wp-content\/uploads\/2023\/09\/INFORME-NECESIDAD-DE-VIVIENDAS-TERCERA-EDAD.pdf\">INFORME NECESIDAD DE VIVIENDAS TERCERA EDAD<\/a><\/p>\n<p>05\/09\/2023<a href=\"https:\/\/contratacion.almunecar.es\/wp-content\/uploads\/2023\/09\/DECLARACION-RESPONSABLE-DE-PERSONAS-F\u00cdSICAS.pdf\">DECLARACION RESPONSABLE DE PERSONAS F\u00cdSICAS<\/a><\/p>\n<p>05\/09\/2023<a href=\"https:\/\/contratacion.almunecar.es\/wp-content\/uploads\/2023\/09\/DECLARACION-RESPONSABLE-DE-PERSONAS-JURIDICAS.pdf\">DECLARACION RESPONSABLE DE PERSONAS JURIDICAS<\/a><\/p>\n<p>&nbsp;<\/p>\n","protected":false},"excerpt":{"rendered":"<p>PARA LA PRESENTACI\u00d3N DE OFERTAS ES NECESARIO PRESENTAR PRESUPUESTOS Y DECLARACI\u00d3N RESPONSABLE (PERSONA F\u00cdSICA O JUR\u00cdDICA), O A TRAV\u00c9S DE LA SEDE ELECTR\u00d3NICA DEL AYUNTAMIENTO DE ALMU\u00d1ECAR. 05\/09\/2023INFORME NECESIDAD DE VIVIENDAS TERCERA EDAD 05\/09\/2023DECLARACION RESPONSABLE DE PERSONAS F\u00cdSICAS 05\/09\/2023DECLARACION RESPONSABLE DE PERSONAS JURIDICAS &nbsp;<\/p>\n","protected":false},"author":5,"featured_media":0,"comment_status":"closed","ping_status":"closed","sticky":false,"template":"","format":"standard","meta":{"_acf_changed":false,"footnotes":""},"categories":[3,10,4],"tags":[],"class_list":["post-6488","post","type-post","status-publish","format-standard","hentry","category-anuncio","category-menores","category-licitacion"],"acf":[],"_links":{"self":[{"href":"https:\/\/contratacion.almunecar.es\/index.php?rest_route=\/wp\/v2\/posts\/6488","targetHints":{"allow":["GET"]}}],"collection":[{"href":"https:\/\/contratacion.almunecar.es\/index.php?rest_route=\/wp\/v2\/posts"}],"about":[{"href":"https:\/\/contratacion.almunecar.es\/index.php?rest_route=\/wp\/v2\/types\/post"}],"author":[{"embeddable":true,"href":"https:\/\/contratacion.almunecar.es\/index.php?rest_route=\/wp\/v2\/users\/5"}],"replies":[{"embeddable":true,"href":"https:\/\/contratacion.almunecar.es\/index.php?rest_route=%2Fwp%2Fv2%2Fcomments&post=6488"}],"version-history":[{"count":5,"href":"https:\/\/contratacion.almunecar.es\/index.php?rest_route=\/wp\/v2\/posts\/6488\/revisions"}],"predecessor-version":[{"id":6496,"href":"https:\/\/contratacion.almunecar.es\/index.php?rest_route=\/wp\/v2\/posts\/6488\/revisions\/6496"}],"wp:attachment":[{"href":"https:\/\/contratacion.almunecar.es\/index.php?rest_route=%2Fwp%2Fv2%2Fmedia&parent=6488"}],"wp:term":[{"taxonomy":"category","embeddable":true,"href":"https:\/\/contratacion.almunecar.es\/index.php?rest_route=%2Fwp%2Fv2%2Fcategories&post=6488"},{"taxonomy":"post_tag","embeddable":true,"href":"https:\/\/contratacion.almunecar.es\/index.php?rest_route=%2Fwp%2Fv2%2Ftags&post=6488"}],"curies":[{"name":"wp","href":"https:\/\/api.w.org\/{rel}","templated":true}]}}