{"id":6371,"date":"2023-08-11T13:22:03","date_gmt":"2023-08-11T11:22:03","guid":{"rendered":"https:\/\/contratacion.almunecar.es\/?p=6371"},"modified":"2023-11-29T09:40:44","modified_gmt":"2023-11-29T07:40:44","slug":"expte-96-2923-gest-6954-2023-servicio-de-mantenimiento-de-ascensores-en-edificios-municipales-del-ayuntamiento-de-almunecar","status":"publish","type":"post","link":"https:\/\/contratacion.almunecar.es\/?p=6371","title":{"rendered":"EXPTE. 96\/2923 (GEST 6954\/2023): SERVICIO DE MANTENIMIENTO DE ASCENSORES EN EDIFICIOS MUNICIPALES DEL AYUNTAMIENTO DE ALMU\u00d1\u00c9CAR."},"content":{"rendered":"<p>11\/08\/2023 <a href=\"https:\/\/contratacion.almunecar.es\/wp-content\/uploads\/2023\/08\/INFORME-DE-NECESIDAD-MANTENIMIENTO-ASCENSORES.pdf\">INFORME DE NECESIDAD MANTENIMIENTO ASCENSORES<\/a><\/p>\n<p>11\/08\/2023 <a href=\"https:\/\/contratacion.almunecar.es\/wp-content\/uploads\/2023\/08\/JUSTIFICACION-NO-DIVISION-DE-LOTES-MANTENIMIENTO-ASCENSORES.pdf\">JUSTIFICACION NO DIVISION DE LOTES MANTENIMIENTO ASCENSORES<\/a><\/p>\n<p>11\/08\/2023 <a href=\"https:\/\/contratacion.almunecar.es\/wp-content\/uploads\/2023\/08\/MEMORIA-JUSTIFICATIVA.pdf\">MEMORIA JUSTIFICATIVA<\/a><\/p>\n<p>11\/08\/2023 <a href=\"https:\/\/contratacion.almunecar.es\/wp-content\/uploads\/2023\/08\/PCAP-SERVICIO-MANTEN-ASCENSORES.pdf\">PCAP SERVICIO MANTEN ASCENSORES<\/a><\/p>\n<p>11\/08\/2023 <a href=\"https:\/\/contratacion.almunecar.es\/wp-content\/uploads\/2023\/08\/PPTP-MANTENIMIENTO-ASCENSORES.pdf\">PPTP MANTENIMIENTO ASCENSORES<\/a><\/p>\n<p>11\/08\/2023 <a href=\"https:\/\/contratacion.almunecar.es\/wp-content\/uploads\/2023\/08\/RA-APROB-E-INICIACION-DE-EXPTE-MANTENIMIENTO-ASCENSORES.pdf\">RA APROB E INICIACION DE EXPTE MANTENIMIENTO ASCENSORES<\/a><\/p>\n<p>11\/08\/2023 <a href=\"https:\/\/contratacion.almunecar.es\/wp-content\/uploads\/2023\/08\/PLACSP-ANUNCIO-DE-LICITACI\u00d3N-SERVICIO-MANTENIMIENTO-DE-ASCENSORES.pdf\">PLACSP &#8211; ANUNCIO DE LICITACI\u00d3N SERVICIO MANTENIMIENTO DE ASCENSORES<\/a><\/p>\n<p>11\/08\/2023 <a href=\"https:\/\/contratacion.almunecar.es\/wp-content\/uploads\/2023\/08\/PLACSP-DOCUMENTO-DE-PLIEGOS-SERVICIO-MANTENIMIENTO-DE-ASCENSORES.pdf\">PLACSP &#8211; DOCUMENTO DE PLIEGOS SERVICIO MANTENIMIENTO DE ASCENSORES<\/a><\/p>\n<p>Para m\u00e1s informaci\u00f3n y presentaci\u00f3n de Ofertas, <a href=\"https:\/\/contrataciondelestado.es\/wps\/poc?uri=deeplink%3Adetalle_licitacion&amp;idEvl=QMt7ZRC9hTQ%2FbjW6njtWLw%3D%3D\">click aqu\u00ed<\/a><\/p>\n<p>30\/08\/2023 <a href=\"https:\/\/contratacion.almunecar.es\/wp-content\/uploads\/2023\/07\/CITACION-MESA-DE-CONTRATACION-2023-09-01.pdf\">CITACION MESA DE CONTRATACION 2023-09-01<\/a><\/p>\n<p>11\/09\/2023 <a href=\"https:\/\/contratacion.almunecar.es\/wp-content\/uploads\/2023\/07\/ACTA-MESA-DE-CONTRATACION-2023-09-01.pdf\">ACTA MESA DE CONTRATACION 2023-09-01<\/a><\/p>\n<p>19\/09\/2023 <a href=\"https:\/\/contratacion.almunecar.es\/wp-content\/uploads\/2023\/08\/CITACION-MESA-DE-CONTRATACION-2023-09-22.pdf\">CITACION MESA DE CONTRATACION 2023-09-22<\/a><\/p>\n<p>28\/09\/2023 <a href=\"https:\/\/contratacion.almunecar.es\/wp-content\/uploads\/2023\/08\/ACTA-MESA-DE-CONTRATACION-2023-09-22.pdf\">ACTA MESA DE CONTRATACION 2023-09-22<\/a><\/p>\n<p>06\/10\/2023 <a href=\"https:\/\/contratacion.almunecar.es\/wp-content\/uploads\/2023\/08\/RA-REQUER-DE-DOCUMENTACION-MANTEN-ASCENSORES-ASCENSORES-INGAR-SA.pdf\">RA REQUER DE DOCUMENTACION MANTEN ASCENSORES &#8211; ASCENSORES INGAR SA<\/a><\/p>\n<p>06\/10\/2023 <a href=\"https:\/\/contratacion.almunecar.es\/wp-content\/uploads\/2023\/08\/PLACSP-COMUNIC-REQUERIMIENTO-DE-DOC-A-ASCENSORES-INGAR-SA.pdf\">PLACSP &#8211; COMUNIC REQUERIMIENTO DE DOC A ASCENSORES INGAR SA<\/a><\/p>\n<p>02\/11\/2023 <a href=\"https:\/\/contratacion.almunecar.es\/wp-content\/uploads\/2023\/08\/RA-ADJUDICACION-MANTENIMIENTO-ASCENSORES-ASCENSORES-INGAR-SA.pdf\">RA ADJUDICACION MANTENIMIENTO ASCENSORES &#8211; ASCENSORES INGAR SA<\/a><\/p>\n<p>02\/11\/2023 <a href=\"https:\/\/contratacion.almunecar.es\/wp-content\/uploads\/2023\/08\/PLACSP-ADJUDICACION-MANTENIMIENTO-ASCENSORES-ASCENSORES-INGAR-SA.pdf\">PLACSP &#8211; ADJUDICACION MANTENIMIENTO ASCENSORES &#8211; ASCENSORES INGAR SA<\/a><\/p>\n<p>29\/11\/2023 <a href=\"https:\/\/contratacion.almunecar.es\/wp-content\/uploads\/2023\/08\/PLACSP-FORMALIZACI\u00d3N-CONTRATO-MANTENIMIENTO-ASCENSORES.pdf\">PLACSP &#8211; FORMALIZACI\u00d3N CONTRATO MANTENIMIENTO ASCENSORES<\/a><\/p>\n<p>&nbsp;<\/p>\n<p>&nbsp;<\/p>\n<p>&nbsp;<\/p>\n<p>&nbsp;<\/p>\n<p>&nbsp;<\/p>\n<p>&nbsp;<\/p>\n<p>&nbsp;<\/p>\n","protected":false},"excerpt":{"rendered":"<p>11\/08\/2023 INFORME DE NECESIDAD MANTENIMIENTO ASCENSORES 11\/08\/2023 JUSTIFICACION NO DIVISION DE LOTES MANTENIMIENTO ASCENSORES 11\/08\/2023 MEMORIA JUSTIFICATIVA 11\/08\/2023 PCAP SERVICIO MANTEN ASCENSORES 11\/08\/2023 PPTP MANTENIMIENTO ASCENSORES 11\/08\/2023 RA APROB E INICIACION DE EXPTE MANTENIMIENTO ASCENSORES 11\/08\/2023 PLACSP &#8211; ANUNCIO DE LICITACI\u00d3N SERVICIO MANTENIMIENTO DE ASCENSORES 11\/08\/2023 PLACSP &#8211; DOCUMENTO DE PLIEGOS SERVICIO MANTENIMIENTO DE ASCENSORES&hellip; <br \/> <a class=\"button small blue\" href=\"https:\/\/contratacion.almunecar.es\/?p=6371\">Leer m\u00e1s<\/a><\/p>\n","protected":false},"author":5,"featured_media":0,"comment_status":"closed","ping_status":"closed","sticky":false,"template":"","format":"standard","meta":{"_acf_changed":false,"footnotes":""},"categories":[5,3,7,12,4],"tags":[],"class_list":["post-6371","post","type-post","status-publish","format-standard","hentry","category-adjudicacion_final","category-anuncio","category-formalizacion","category-formalizacion-de-contrato","category-licitacion"],"acf":[],"_links":{"self":[{"href":"https:\/\/contratacion.almunecar.es\/index.php?rest_route=\/wp\/v2\/posts\/6371","targetHints":{"allow":["GET"]}}],"collection":[{"href":"https:\/\/contratacion.almunecar.es\/index.php?rest_route=\/wp\/v2\/posts"}],"about":[{"href":"https:\/\/contratacion.almunecar.es\/index.php?rest_route=\/wp\/v2\/types\/post"}],"author":[{"embeddable":true,"href":"https:\/\/contratacion.almunecar.es\/index.php?rest_route=\/wp\/v2\/users\/5"}],"replies":[{"embeddable":true,"href":"https:\/\/contratacion.almunecar.es\/index.php?rest_route=%2Fwp%2Fv2%2Fcomments&post=6371"}],"version-history":[{"count":10,"href":"https:\/\/contratacion.almunecar.es\/index.php?rest_route=\/wp\/v2\/posts\/6371\/revisions"}],"predecessor-version":[{"id":6991,"href":"https:\/\/contratacion.almunecar.es\/index.php?rest_route=\/wp\/v2\/posts\/6371\/revisions\/6991"}],"wp:attachment":[{"href":"https:\/\/contratacion.almunecar.es\/index.php?rest_route=%2Fwp%2Fv2%2Fmedia&parent=6371"}],"wp:term":[{"taxonomy":"category","embeddable":true,"href":"https:\/\/contratacion.almunecar.es\/index.php?rest_route=%2Fwp%2Fv2%2Fcategories&post=6371"},{"taxonomy":"post_tag","embeddable":true,"href":"https:\/\/contratacion.almunecar.es\/index.php?rest_route=%2Fwp%2Fv2%2Ftags&post=6371"}],"curies":[{"name":"wp","href":"https:\/\/api.w.org\/{rel}","templated":true}]}}