{"id":6353,"date":"2023-08-09T11:45:44","date_gmt":"2023-08-09T09:45:44","guid":{"rendered":"https:\/\/contratacion.almunecar.es\/?p=6353"},"modified":"2023-08-18T10:00:09","modified_gmt":"2023-08-18T08:00:09","slug":"expte-115-2023-gest-7938-2023-espectaculos-musicales-para-las-fiestas-patronales-de-almunecar-en-agosto-de-2023","status":"publish","type":"post","link":"https:\/\/contratacion.almunecar.es\/?p=6353","title":{"rendered":"EXPTE. 115\/2023 (GEST 7938\/2023): ESPECT\u00c1CULOS MUSICALES PARA LAS FIESTAS PATRONALES DE ALMU\u00d1\u00c9CAR, EN AGOSTO DE 2023."},"content":{"rendered":"<p>09\/08\/2023 <a href=\"https:\/\/contratacion.almunecar.es\/wp-content\/uploads\/2023\/08\/INFORME-NO-DIVISION-LOTES-ESPECTACULO-MUSICAL-AGOSTO-2023.pdf\">INFORME NO DIVISION LOTES ESPECTACULO MUSICAL AGOSTO 2023<\/a><\/p>\n<p>09\/08\/2023 <a href=\"https:\/\/contratacion.almunecar.es\/wp-content\/uploads\/2023\/08\/PPTP-ESPECTACULOS-MUSICALES-FIESTAS-DE-AGOSTO-2023.pdf\">PPTP ESPECTACULOS MUSICALES FIESTAS DE AGOSTO 2023<\/a><\/p>\n<p>09\/08\/2023 <a href=\"https:\/\/contratacion.almunecar.es\/wp-content\/uploads\/2023\/08\/PCAP-ESPECTACULOS-MUSICALES-FIESTAS-AGOSTO-2023.pdf\">PCAP ESPECTACULOS MUSICALES FIESTAS AGOSTO 2023<\/a><\/p>\n<p>09\/08\/2023 <a href=\"https:\/\/contratacion.almunecar.es\/wp-content\/uploads\/2023\/08\/RA-APROBACION-E-INICIACION-DE-EXPTE-ESPECTACULOS-FIESTAS-2023.pdf\">RA APROBACION E INICIACION DE EXPTE ESPECTACULOS FIESTAS 2023<\/a><\/p>\n<p>09\/08\/2023 <a href=\"https:\/\/contratacion.almunecar.es\/wp-content\/uploads\/2023\/08\/PLACSP-ANUNCIO-DE-LICITACI\u00d3N-ESPECT\u00c1CULOS-MUSICALES-FIESTAS-PATRONALES-ALMU\u00d1\u00c9CAR-2023.pdf\">PLACSP &#8211; ANUNCIO DE LICITACI\u00d3N ESPECT\u00c1CULOS MUSICALES FIESTAS PATRONALES ALMU\u00d1\u00c9CAR 2023<\/a><\/p>\n<p>09\/08\/2023 <a href=\"https:\/\/contratacion.almunecar.es\/wp-content\/uploads\/2023\/08\/PLACSP-DOCUMENTO-DE-PLIEGOS-ESPECT\u00c1CULOS-MUSICALES-FIESTAS-PATRONALES-ALMU\u00d1\u00c9CAR-2023.pdf\">PLACSP &#8211; DOCUMENTO DE PLIEGOS ESPECT\u00c1CULOS MUSICALES FIESTAS PATRONALES ALMU\u00d1\u00c9CAR 2023<\/a><\/p>\n<p>18\/08\/2023 <a href=\"https:\/\/contratacion.almunecar.es\/wp-content\/uploads\/2023\/08\/RA-ADJUDICACION-ACT-MUSICAL-FIESTAS-PATRON.pdf\">RA ADJUDICACION ACT MUSICAL FIESTAS PATRON<\/a><\/p>\n<p>18\/08\/2023 <a href=\"https:\/\/contratacion.almunecar.es\/wp-content\/uploads\/2023\/08\/PLACSP-NOTIFICACI\u00d3N-ADJUDICACION-ACT-MUSICAL-FIESTAS-PATRON-VICO-MANAGEMENT.pdf\">PLACSP &#8211; NOTIFICACI\u00d3N ADJUDICACION ACT MUSICAL FIESTAS PATRON VICO MANAGEMENT<\/a><\/p>\n<p>18\/08\/2023 <a href=\"https:\/\/contratacion.almunecar.es\/wp-content\/uploads\/2023\/08\/PLACSP-ANUNCIO-FORMALIZACI\u00d3N-ACT-MUSICAL-FIESTAS-PATRON-VICO-MANAGEMENT.pdf\">PLACSP &#8211; ANUNCIO FORMALIZACI\u00d3N ACT MUSICAL FIESTAS PATRON VICO MANAGEMENT<\/a><\/p>\n<p>&nbsp;<\/p>\n","protected":false},"excerpt":{"rendered":"<p>09\/08\/2023 INFORME NO DIVISION LOTES ESPECTACULO MUSICAL AGOSTO 2023 09\/08\/2023 PPTP ESPECTACULOS MUSICALES FIESTAS DE AGOSTO 2023 09\/08\/2023 PCAP ESPECTACULOS MUSICALES FIESTAS AGOSTO 2023 09\/08\/2023 RA APROBACION E INICIACION DE EXPTE ESPECTACULOS FIESTAS 2023 09\/08\/2023 PLACSP &#8211; ANUNCIO DE LICITACI\u00d3N ESPECT\u00c1CULOS MUSICALES FIESTAS PATRONALES ALMU\u00d1\u00c9CAR 2023 09\/08\/2023 PLACSP &#8211; DOCUMENTO DE PLIEGOS ESPECT\u00c1CULOS MUSICALES FIESTAS&hellip; <br \/> <a class=\"button small blue\" href=\"https:\/\/contratacion.almunecar.es\/?p=6353\">Leer m\u00e1s<\/a><\/p>\n","protected":false},"author":5,"featured_media":0,"comment_status":"closed","ping_status":"closed","sticky":false,"template":"","format":"standard","meta":{"_acf_changed":false,"footnotes":""},"categories":[5,3,7,4],"tags":[],"class_list":["post-6353","post","type-post","status-publish","format-standard","hentry","category-adjudicacion_final","category-anuncio","category-formalizacion","category-licitacion"],"acf":[],"_links":{"self":[{"href":"https:\/\/contratacion.almunecar.es\/index.php?rest_route=\/wp\/v2\/posts\/6353","targetHints":{"allow":["GET"]}}],"collection":[{"href":"https:\/\/contratacion.almunecar.es\/index.php?rest_route=\/wp\/v2\/posts"}],"about":[{"href":"https:\/\/contratacion.almunecar.es\/index.php?rest_route=\/wp\/v2\/types\/post"}],"author":[{"embeddable":true,"href":"https:\/\/contratacion.almunecar.es\/index.php?rest_route=\/wp\/v2\/users\/5"}],"replies":[{"embeddable":true,"href":"https:\/\/contratacion.almunecar.es\/index.php?rest_route=%2Fwp%2Fv2%2Fcomments&post=6353"}],"version-history":[{"count":5,"href":"https:\/\/contratacion.almunecar.es\/index.php?rest_route=\/wp\/v2\/posts\/6353\/revisions"}],"predecessor-version":[{"id":6395,"href":"https:\/\/contratacion.almunecar.es\/index.php?rest_route=\/wp\/v2\/posts\/6353\/revisions\/6395"}],"wp:attachment":[{"href":"https:\/\/contratacion.almunecar.es\/index.php?rest_route=%2Fwp%2Fv2%2Fmedia&parent=6353"}],"wp:term":[{"taxonomy":"category","embeddable":true,"href":"https:\/\/contratacion.almunecar.es\/index.php?rest_route=%2Fwp%2Fv2%2Fcategories&post=6353"},{"taxonomy":"post_tag","embeddable":true,"href":"https:\/\/contratacion.almunecar.es\/index.php?rest_route=%2Fwp%2Fv2%2Ftags&post=6353"}],"curies":[{"name":"wp","href":"https:\/\/api.w.org\/{rel}","templated":true}]}}