{"id":6340,"date":"2023-08-08T13:42:25","date_gmt":"2023-08-08T11:42:25","guid":{"rendered":"https:\/\/contratacion.almunecar.es\/?p=6340"},"modified":"2023-08-18T09:24:36","modified_gmt":"2023-08-18T07:24:36","slug":"expte-85-2023-gest-6350-2023-suministro-instalacion-disparo-y-recogida-de-actividades-y-ejecucion-de-espectaculo-piromusical-para-las-fiestas-patronales-de-agosto-de-2023-en-almunecar","status":"publish","type":"post","link":"https:\/\/contratacion.almunecar.es\/?p=6340","title":{"rendered":"EXPTE. 85\/2023 (GEST 6350\/2023): SUMINISTRO, INSTALACI\u00d3N, DISPARO Y RECOGIDA DE ACTIVIDADES Y EJECUCI\u00d3N DE ESPECT\u00c1CULO PIROMUSICAL PARA LAS FIESTAS PATRONALES DE AGOSTO DE 2023 EN ALMU\u00d1\u00c9CAR."},"content":{"rendered":"<p>08\/08\/2023 <a href=\"https:\/\/contratacion.almunecar.es\/wp-content\/uploads\/2023\/08\/INFORME-NECESIDAD-FUEGOS-ARTIFICIALES-AGOSTO-2023.pdf\">INFORME NECESIDAD FUEGOS ARTIFICIALES AGOSTO 2023<\/a><\/p>\n<p>08\/08\/2023 <a href=\"https:\/\/contratacion.almunecar.es\/wp-content\/uploads\/2023\/08\/PPTP-ESPECTACULO-PIROMUSICAL-FIESTAS-AGOSTO-2023.pdf\">PPTP ESPECTACULO PIROMUSICAL FIESTAS AGOSTO 2023<\/a><\/p>\n<p>08\/08\/2023 <a href=\"https:\/\/contratacion.almunecar.es\/wp-content\/uploads\/2023\/08\/PCAP-ESPECTACULO-PIROMUSICAL-FIESTAS-AGOSTO-2023.pdf\">PCAP ESPECTACULO PIROMUSICAL FIESTAS AGOSTO 2023<\/a><\/p>\n<p>08\/08\/2023 <a href=\"https:\/\/contratacion.almunecar.es\/wp-content\/uploads\/2023\/08\/RA-APROBACION-E-INICIACION-EXPTE-ESPECTACULO-PIROMUSICAL-2023-1.pdf\">RA APROBACION E INICIACION EXPTE ESPECTACULO PIROMUSICAL 2023<\/a><\/p>\n<p>08\/08\/2023 <a href=\"https:\/\/contratacion.almunecar.es\/wp-content\/uploads\/2023\/08\/PLACSP-ANUNCIO-DE-LICITACI\u00d3N-PIROMUSICAL-FIESTAS-AGOSTO-2023.pdf\">PLACSP &#8211; ANUNCIO DE LICITACI\u00d3N PIROMUSICAL FIESTAS AGOSTO 2023<\/a><\/p>\n<p>08\/08\/2023 <a href=\"https:\/\/contratacion.almunecar.es\/wp-content\/uploads\/2023\/08\/PLACSP-DOCUMENTO-DE-PLIEGOS-PIROMUSICAL-FIESTAS-AGOSTO-2023.pdf\">PLACSP &#8211; DOCUMENTO DE PLIEGOS PIROMUSICAL FIESTAS AGOSTO 2023<\/a><\/p>\n<p>18\/08\/2023 <a href=\"https:\/\/contratacion.almunecar.es\/wp-content\/uploads\/2023\/08\/RA-ADJUDICACION-ESPECT-PIROMUSICAL-PIROTECNIA-ZARAGOZANA.pdf\">RA ADJUDICACION ESPECT PIROMUSICAL PIROTECNIA ZARAGOZANA<\/a><\/p>\n<p>18\/08\/2023 <a href=\"https:\/\/contratacion.almunecar.es\/wp-content\/uploads\/2023\/08\/PLACSP-ANUNCIO-ADJUDICACI\u00d3N-ESP.-PIROMUSICALES-PIROTECNIA-ZARAGOZANA.pdf\">PLACSP &#8211; ANUNCIO ADJUDICACI\u00d3N ESP. PIROMUSICALES PIROTECNIA ZARAGOZANA<\/a><\/p>\n<p>18\/08\/2023 <a href=\"https:\/\/contratacion.almunecar.es\/wp-content\/uploads\/2023\/08\/PLACSP-FORMALIZACI\u00d3N-CONTRATO-ESP.-PIROMUSICAL.pdf\">PLACSP &#8211; FORMALIZACI\u00d3N CONTRATO ESP. PIROMUSICAL<\/a><\/p>\n","protected":false},"excerpt":{"rendered":"<p>08\/08\/2023 INFORME NECESIDAD FUEGOS ARTIFICIALES AGOSTO 2023 08\/08\/2023 PPTP ESPECTACULO PIROMUSICAL FIESTAS AGOSTO 2023 08\/08\/2023 PCAP ESPECTACULO PIROMUSICAL FIESTAS AGOSTO 2023 08\/08\/2023 RA APROBACION E INICIACION EXPTE ESPECTACULO PIROMUSICAL 2023 08\/08\/2023 PLACSP &#8211; ANUNCIO DE LICITACI\u00d3N PIROMUSICAL FIESTAS AGOSTO 2023 08\/08\/2023 PLACSP &#8211; DOCUMENTO DE PLIEGOS PIROMUSICAL FIESTAS AGOSTO 2023 18\/08\/2023 RA ADJUDICACION ESPECT PIROMUSICAL&hellip; <br \/> <a class=\"button small blue\" href=\"https:\/\/contratacion.almunecar.es\/?p=6340\">Leer m\u00e1s<\/a><\/p>\n","protected":false},"author":5,"featured_media":0,"comment_status":"closed","ping_status":"closed","sticky":false,"template":"","format":"standard","meta":{"_acf_changed":false,"footnotes":""},"categories":[5,3,7,4],"tags":[],"class_list":["post-6340","post","type-post","status-publish","format-standard","hentry","category-adjudicacion_final","category-anuncio","category-formalizacion","category-licitacion"],"acf":[],"_links":{"self":[{"href":"https:\/\/contratacion.almunecar.es\/index.php?rest_route=\/wp\/v2\/posts\/6340","targetHints":{"allow":["GET"]}}],"collection":[{"href":"https:\/\/contratacion.almunecar.es\/index.php?rest_route=\/wp\/v2\/posts"}],"about":[{"href":"https:\/\/contratacion.almunecar.es\/index.php?rest_route=\/wp\/v2\/types\/post"}],"author":[{"embeddable":true,"href":"https:\/\/contratacion.almunecar.es\/index.php?rest_route=\/wp\/v2\/users\/5"}],"replies":[{"embeddable":true,"href":"https:\/\/contratacion.almunecar.es\/index.php?rest_route=%2Fwp%2Fv2%2Fcomments&post=6340"}],"version-history":[{"count":5,"href":"https:\/\/contratacion.almunecar.es\/index.php?rest_route=\/wp\/v2\/posts\/6340\/revisions"}],"predecessor-version":[{"id":6389,"href":"https:\/\/contratacion.almunecar.es\/index.php?rest_route=\/wp\/v2\/posts\/6340\/revisions\/6389"}],"wp:attachment":[{"href":"https:\/\/contratacion.almunecar.es\/index.php?rest_route=%2Fwp%2Fv2%2Fmedia&parent=6340"}],"wp:term":[{"taxonomy":"category","embeddable":true,"href":"https:\/\/contratacion.almunecar.es\/index.php?rest_route=%2Fwp%2Fv2%2Fcategories&post=6340"},{"taxonomy":"post_tag","embeddable":true,"href":"https:\/\/contratacion.almunecar.es\/index.php?rest_route=%2Fwp%2Fv2%2Ftags&post=6340"}],"curies":[{"name":"wp","href":"https:\/\/api.w.org\/{rel}","templated":true}]}}