{"id":6320,"date":"2023-08-04T13:27:11","date_gmt":"2023-08-04T11:27:11","guid":{"rendered":"https:\/\/contratacion.almunecar.es\/?p=6320"},"modified":"2023-10-05T14:36:53","modified_gmt":"2023-10-05T12:36:53","slug":"expte-93-2023-gest-4488-2023-suministro-e-instalacion-de-iluminacion-rgbw-en-las-fachadas-principal-posterior-y-lateral-asi-como-del-jardin-interior-del-palacete-de-la-najarra-del-ayuntamiento-d","status":"publish","type":"post","link":"https:\/\/contratacion.almunecar.es\/?p=6320","title":{"rendered":"EXPTE. 93\/2023 (GEST 4488\/2023): SUMINISTRO E INSTALACI\u00d3N DE ILUMINACI\u00d3N RGBW EN LAS FACHADAS PRINCIPAL, POSTERIOR Y LATERAL, AS\u00cd COMO DEL JARD\u00cdN INTERIOR DEL PALACETE DE LA NAJARRA DEL AYUNTAMIENTO DE ALMU\u00d1\u00c9CAR. SUBVENCIONADO POR LA CONSEJER\u00cdA DE TURISMO, CULTURA Y DEPORTE DE LA JUNTA DE ANDALUC\u00cdA."},"content":{"rendered":"<p>04\/08\/2023 <a href=\"https:\/\/contratacion.almunecar.es\/wp-content\/uploads\/2023\/08\/INFORME-NECESIDAD-Y-NO-LOTES-ILUMINACION-LA-NAJARRA.pdf\">INFORME NECESIDAD Y NO LOTES ILUMINACION LA NAJARRA<\/a><\/p>\n<p>04\/08\/2023 <a href=\"https:\/\/contratacion.almunecar.es\/wp-content\/uploads\/2023\/08\/PPTP-SUM-E-INSTALACION-LUMINARIAS-LA-NAJARRA.pdf\">PPTP SUM E INSTALACION LUMINARIAS LA NAJARRA<\/a><\/p>\n<p>04\/08\/2023 <a href=\"https:\/\/contratacion.almunecar.es\/wp-content\/uploads\/2023\/08\/PCAP-SUM-E-INSTALACION-LUMINARIAS-LA-NAJARRA.pdf\">PCAP SUM E INSTALACION LUMINARIAS LA NAJARRA<\/a><\/p>\n<p>04\/08\/2023 <a href=\"https:\/\/contratacion.almunecar.es\/wp-content\/uploads\/2023\/08\/CERTIFICACION-DE-GOBIERNO-APROB-E-INICIACION-DE-EXPTE-1.pdf\">CERTIFICACION DE GOBIERNO APROB E INICIACION DE EXPTE<\/a><\/p>\n<p>04\/08\/2023 <a href=\"https:\/\/contratacion.almunecar.es\/wp-content\/uploads\/2023\/08\/PLACSP-ANUNCIO-DE-LICITACI\u00d3N-LUMINARIAS-LA-NAJARRA.pdf\">PLACSP &#8211; ANUNCIO DE LICITACI\u00d3N LUMINARIAS LA NAJARRA<\/a><\/p>\n<p>04\/08\/2023 <a href=\"https:\/\/contratacion.almunecar.es\/wp-content\/uploads\/2023\/08\/PLACSP-DOCUMENTO-DE-PLIEGOS-LUMINARIAS-LA-NAJARRA.pdf\">PLACSP &#8211; DOCUMENTO DE PLIEGOS LUMINARIAS LA NAJARRA<\/a><\/p>\n<p>Para m\u00e1s informaci\u00f3n y presentaci\u00f3n de Ofertas: <a href=\"https:\/\/contrataciondelestado.es\/wps\/poc?uri=deeplink%3Adetalle_licitacion&amp;idEvl=gCbmTTnwG919PLkba5eRog%3D%3D\">click aqu\u00ed<\/a><\/p>\n<p>30\/08\/2023 <a href=\"https:\/\/contratacion.almunecar.es\/wp-content\/uploads\/2023\/07\/CITACION-MESA-DE-CONTRATACION-2023-09-01.pdf\">CITACION MESA DE CONTRATACION 2023-09-01<\/a><\/p>\n<p>11\/09\/2023 <a href=\"https:\/\/contratacion.almunecar.es\/wp-content\/uploads\/2023\/07\/ACTA-MESA-DE-CONTRATACION-2023-09-01.pdf\">ACTA MESA DE CONTRATACION 2023-09-01<\/a><\/p>\n<p>25\/09\/2023 <a href=\"https:\/\/contratacion.almunecar.es\/wp-content\/uploads\/2023\/08\/RA-ADJUDICACION-ILUMINACION-PALACETE-DE-LA-NAJARRA-TREBOLUZ.pdf\">RA ADJUDICACION ILUMINACION PALACETE DE LA NAJARRA &#8211; TREBOLUZ<\/a><\/p>\n<p>25\/09\/2023 <a href=\"https:\/\/contratacion.almunecar.es\/wp-content\/uploads\/2023\/08\/PLACSP-ADJUDICACI\u00d3N-ILUMINACI\u00d3N-PALACETE-DE-LA-NAJARRA-TREBOLUZ.pdf\">PLACSP &#8211; ADJUDICACI\u00d3N ILUMINACI\u00d3N PALACETE DE LA NAJARRA &#8211; TREBOLUZ<\/a><\/p>\n<p>05\/10\/2023 <a href=\"https:\/\/contratacion.almunecar.es\/wp-content\/uploads\/2023\/08\/PLACSP-ANUNCIO-DE-FORMALIZACI\u00d3N-ILUMINACI\u00d3N-FACHADAS-PALACETE-DE-LA-NAJARRA.pdf\">PLACSP &#8211; ANUNCIO DE FORMALIZACI\u00d3N ILUMINACI\u00d3N FACHADAS PALACETE DE LA NAJARRA<\/a><\/p>\n<p>&nbsp;<\/p>\n<p>&nbsp;<\/p>\n<p>&nbsp;<\/p>\n","protected":false},"excerpt":{"rendered":"<p>04\/08\/2023 INFORME NECESIDAD Y NO LOTES ILUMINACION LA NAJARRA 04\/08\/2023 PPTP SUM E INSTALACION LUMINARIAS LA NAJARRA 04\/08\/2023 PCAP SUM E INSTALACION LUMINARIAS LA NAJARRA 04\/08\/2023 CERTIFICACION DE GOBIERNO APROB E INICIACION DE EXPTE 04\/08\/2023 PLACSP &#8211; ANUNCIO DE LICITACI\u00d3N LUMINARIAS LA NAJARRA 04\/08\/2023 PLACSP &#8211; DOCUMENTO DE PLIEGOS LUMINARIAS LA NAJARRA Para m\u00e1s informaci\u00f3n&hellip; <br \/> <a class=\"button small blue\" href=\"https:\/\/contratacion.almunecar.es\/?p=6320\">Leer m\u00e1s<\/a><\/p>\n","protected":false},"author":5,"featured_media":0,"comment_status":"closed","ping_status":"closed","sticky":false,"template":"","format":"standard","meta":{"_acf_changed":false,"footnotes":""},"categories":[5,3,7,12,4],"tags":[],"class_list":["post-6320","post","type-post","status-publish","format-standard","hentry","category-adjudicacion_final","category-anuncio","category-formalizacion","category-formalizacion-de-contrato","category-licitacion"],"acf":[],"_links":{"self":[{"href":"https:\/\/contratacion.almunecar.es\/index.php?rest_route=\/wp\/v2\/posts\/6320","targetHints":{"allow":["GET"]}}],"collection":[{"href":"https:\/\/contratacion.almunecar.es\/index.php?rest_route=\/wp\/v2\/posts"}],"about":[{"href":"https:\/\/contratacion.almunecar.es\/index.php?rest_route=\/wp\/v2\/types\/post"}],"author":[{"embeddable":true,"href":"https:\/\/contratacion.almunecar.es\/index.php?rest_route=\/wp\/v2\/users\/5"}],"replies":[{"embeddable":true,"href":"https:\/\/contratacion.almunecar.es\/index.php?rest_route=%2Fwp%2Fv2%2Fcomments&post=6320"}],"version-history":[{"count":7,"href":"https:\/\/contratacion.almunecar.es\/index.php?rest_route=\/wp\/v2\/posts\/6320\/revisions"}],"predecessor-version":[{"id":6691,"href":"https:\/\/contratacion.almunecar.es\/index.php?rest_route=\/wp\/v2\/posts\/6320\/revisions\/6691"}],"wp:attachment":[{"href":"https:\/\/contratacion.almunecar.es\/index.php?rest_route=%2Fwp%2Fv2%2Fmedia&parent=6320"}],"wp:term":[{"taxonomy":"category","embeddable":true,"href":"https:\/\/contratacion.almunecar.es\/index.php?rest_route=%2Fwp%2Fv2%2Fcategories&post=6320"},{"taxonomy":"post_tag","embeddable":true,"href":"https:\/\/contratacion.almunecar.es\/index.php?rest_route=%2Fwp%2Fv2%2Ftags&post=6320"}],"curies":[{"name":"wp","href":"https:\/\/api.w.org\/{rel}","templated":true}]}}