{"id":6295,"date":"2023-08-01T13:29:52","date_gmt":"2023-08-01T11:29:52","guid":{"rendered":"https:\/\/contratacion.almunecar.es\/?p=6295"},"modified":"2023-11-15T10:11:21","modified_gmt":"2023-11-15T08:11:21","slug":"expte-99-2023-gest-7013-2023-suministro-de-material-de-imprenta-y-material-grafico-para-los-diferentes-departamentos-municipales-del-ayuntamiento-de-almunecar","status":"publish","type":"post","link":"https:\/\/contratacion.almunecar.es\/?p=6295","title":{"rendered":"EXPTE. 99\/2023 (GEST 7013\/2023): SUMINISTRO DE MATERIAL DE IMPRENTA Y MATERIAL GR\u00c1FICO PARA LOS DIFERENTES DEPARTAMENTOS MUNICIPALES DEL AYUNTAMIENTO DE ALMU\u00d1\u00c9CAR."},"content":{"rendered":"<p>01\/08\/2023 <a href=\"https:\/\/contratacion.almunecar.es\/wp-content\/uploads\/2023\/08\/INFORME-NECESIDAD-Y-AUSENCIA-DE-MEDIOS-MATERIAL-IMPRENTA.pdf\">INFORME NECESIDAD Y AUSENCIA DE MEDIOS MATERIAL IMPRENTA<\/a><\/p>\n<p>01\/08\/2023 <a href=\"https:\/\/contratacion.almunecar.es\/wp-content\/uploads\/2023\/08\/INFORME-NO-DIVISION-LOTES-MATERIAL-DE-IMPRENTA.pdf\">INFORME NO DIVISION LOTES MATERIAL DE IMPRENTA<\/a><\/p>\n<p>01\/08\/2023 <a href=\"https:\/\/contratacion.almunecar.es\/wp-content\/uploads\/2023\/08\/MEMORIA-JUSTIFICATIVA-MATERIAL-DE-IMPRENTA.pdf\">MEMORIA JUSTIFICATIVA MATERIAL DE IMPRENTA<\/a><\/p>\n<p>01\/08\/2023 <a href=\"https:\/\/contratacion.almunecar.es\/wp-content\/uploads\/2023\/08\/RA-APROBACION-E-INICIACION-DE-EXPTE-MATERIAL-IMPRENTA.pdf\">RA APROBACION E INICIACION DE EXPTE MATERIAL IMPRENTA<\/a><\/p>\n<p>01\/08\/2023 <a href=\"https:\/\/contratacion.almunecar.es\/wp-content\/uploads\/2023\/08\/PPTP-MATERIAL-DE-IMPRENTA.pdf\">PPTP MATERIAL DE IMPRENTA<\/a><\/p>\n<p>01\/08\/2023 <a href=\"https:\/\/contratacion.almunecar.es\/wp-content\/uploads\/2023\/08\/PCAP-SUMINISTRO-MATERIAL-DE-IMPRENTA.pdf\">PCAP SUMINISTRO MATERIAL DE IMPRENTA<\/a><\/p>\n<p>01\/08\/2023 <a href=\"https:\/\/contratacion.almunecar.es\/wp-content\/uploads\/2023\/08\/PLACSP-ANUNCIO-DE-LICITACI\u00d3N-SUM.-MATERIAL-DE-IMPRENTA-Y-MATERIAL-GR\u00c1FICO-1.pdf\">PLACSP &#8211; ANUNCIO DE LICITACI\u00d3N SUM. MATERIAL DE IMPRENTA Y MATERIAL GR\u00c1FICO<\/a><\/p>\n<p>01\/08\/2023 <a href=\"https:\/\/contratacion.almunecar.es\/wp-content\/uploads\/2023\/08\/PLACSP-DOCUMENTO-DE-PLIEGOS-SUM.-MATERIAL-DE-IMPRENTA-Y-MATERIAL-GR\u00c1FICO.pdf\">PLACSP &#8211; DOCUMENTO DE PLIEGOS SUM. MATERIAL DE IMPRENTA Y MATERIAL GR\u00c1FICO<\/a><\/p>\n<p>Para m\u00e1s informaci\u00f3n y presentaci\u00f3n de Ofertas: <a href=\"https:\/\/contrataciondelestado.es\/wps\/poc?uri=deeplink%3Adetalle_licitacion&amp;idEvl=gIPT3PLQWn1VYjgxA4nMUw%3D%3D\">click aqu\u00ed<\/a><\/p>\n<p>30\/08\/2023 <a href=\"https:\/\/contratacion.almunecar.es\/wp-content\/uploads\/2023\/07\/CITACION-MESA-DE-CONTRATACION-2023-09-01.pdf\">CITACION MESA DE CONTRATACION 2023-09-01<\/a><\/p>\n<p>11\/09\/2023 <a href=\"https:\/\/contratacion.almunecar.es\/wp-content\/uploads\/2023\/07\/ACTA-MESA-DE-CONTRATACION-2023-09-01.pdf\">ACTA MESA DE CONTRATACION 2023-09-01<\/a><\/p>\n<p>19\/09\/2023 <a href=\"https:\/\/contratacion.almunecar.es\/wp-content\/uploads\/2023\/08\/CITACION-MESA-DE-CONTRATACION-2023-09-22.pdf\">CITACION MESA DE CONTRATACION 2023-09-22<\/a><\/p>\n<p>28\/09\/2023 <a href=\"https:\/\/contratacion.almunecar.es\/wp-content\/uploads\/2023\/08\/ACTA-MESA-DE-CONTRATACION-2023-09-22.pdf\">ACTA MESA DE CONTRATACION 2023-09-22<\/a><\/p>\n<p>05\/10\/2023 <a href=\"https:\/\/contratacion.almunecar.es\/wp-content\/uploads\/2023\/08\/RA-REQUER-DE-DOCUMENTACION-SUM-MATERIAL-DE-IMPRENTA-PUBLIPRINTERS-GLOBAL-SL.pdf\">RA REQUER DE DOCUMENTACION SUM MATERIAL DE IMPRENTA &#8211; PUBLIPRINTERS GLOBAL SL<\/a><\/p>\n<p>05\/10\/2023 <a href=\"https:\/\/contratacion.almunecar.es\/wp-content\/uploads\/2023\/08\/PLACSP-COMUNICACION-REQUER-DE-DOCUMENTACION-A-PUBLIPRINTERS-GLOBAL-SL.pdf\">PLACSP &#8211; COMUNICACION REQUER DE DOCUMENTACION A PUBLIPRINTERS GLOBAL SL<\/a><\/p>\n<p>20\/10\/2023 <a href=\"https:\/\/contratacion.almunecar.es\/wp-content\/uploads\/2023\/08\/RA-ADJUDICACION-SUM-MATERIAL-DE-IMPRENTA-PUBLIPRINTERS-GLOBAL-SL.pdf\">RA ADJUDICACION SUM MATERIAL DE IMPRENTA &#8211; PUBLIPRINTERS GLOBAL SL<\/a><\/p>\n<p>20\/10\/2023 <a href=\"https:\/\/contratacion.almunecar.es\/wp-content\/uploads\/2023\/08\/PLACSP-ANUNCIO-DE-ADJUDICACI\u00d3N-SUM-MATERIAL-DE-IMPRENTA-PUBLIPRINTERS-GLOBAL-SL.pdf\">PLACSP &#8211; ANUNCIO DE ADJUDICACI\u00d3N SUM MATERIAL DE IMPRENTA &#8211; PUBLIPRINTERS GLOBAL SL<\/a><\/p>\n<p>15\/11\/2023 <a href=\"https:\/\/contratacion.almunecar.es\/wp-content\/uploads\/2023\/08\/PLACSP-FORMALIZACI\u00d3N-CONTRATO-SUM.-MAT.-IMPRENTA.pdf\">PLACSP &#8211; FORMALIZACI\u00d3N CONTRATO SUM. MAT. IMPRENTA<\/a><\/p>\n<p>&nbsp;<\/p>\n<p>&nbsp;<\/p>\n<p>&nbsp;<\/p>\n<p>&nbsp;<\/p>\n<p>&nbsp;<\/p>\n","protected":false},"excerpt":{"rendered":"<p>01\/08\/2023 INFORME NECESIDAD Y AUSENCIA DE MEDIOS MATERIAL IMPRENTA 01\/08\/2023 INFORME NO DIVISION LOTES MATERIAL DE IMPRENTA 01\/08\/2023 MEMORIA JUSTIFICATIVA MATERIAL DE IMPRENTA 01\/08\/2023 RA APROBACION E INICIACION DE EXPTE MATERIAL IMPRENTA 01\/08\/2023 PPTP MATERIAL DE IMPRENTA 01\/08\/2023 PCAP SUMINISTRO MATERIAL DE IMPRENTA 01\/08\/2023 PLACSP &#8211; ANUNCIO DE LICITACI\u00d3N SUM. MATERIAL DE IMPRENTA Y MATERIAL&hellip; <br \/> <a class=\"button small blue\" href=\"https:\/\/contratacion.almunecar.es\/?p=6295\">Leer m\u00e1s<\/a><\/p>\n","protected":false},"author":5,"featured_media":0,"comment_status":"closed","ping_status":"closed","sticky":false,"template":"","format":"standard","meta":{"_acf_changed":false,"footnotes":""},"categories":[5,3,7,12,4],"tags":[],"class_list":["post-6295","post","type-post","status-publish","format-standard","hentry","category-adjudicacion_final","category-anuncio","category-formalizacion","category-formalizacion-de-contrato","category-licitacion"],"acf":[],"_links":{"self":[{"href":"https:\/\/contratacion.almunecar.es\/index.php?rest_route=\/wp\/v2\/posts\/6295","targetHints":{"allow":["GET"]}}],"collection":[{"href":"https:\/\/contratacion.almunecar.es\/index.php?rest_route=\/wp\/v2\/posts"}],"about":[{"href":"https:\/\/contratacion.almunecar.es\/index.php?rest_route=\/wp\/v2\/types\/post"}],"author":[{"embeddable":true,"href":"https:\/\/contratacion.almunecar.es\/index.php?rest_route=\/wp\/v2\/users\/5"}],"replies":[{"embeddable":true,"href":"https:\/\/contratacion.almunecar.es\/index.php?rest_route=%2Fwp%2Fv2%2Fcomments&post=6295"}],"version-history":[{"count":10,"href":"https:\/\/contratacion.almunecar.es\/index.php?rest_route=\/wp\/v2\/posts\/6295\/revisions"}],"predecessor-version":[{"id":6907,"href":"https:\/\/contratacion.almunecar.es\/index.php?rest_route=\/wp\/v2\/posts\/6295\/revisions\/6907"}],"wp:attachment":[{"href":"https:\/\/contratacion.almunecar.es\/index.php?rest_route=%2Fwp%2Fv2%2Fmedia&parent=6295"}],"wp:term":[{"taxonomy":"category","embeddable":true,"href":"https:\/\/contratacion.almunecar.es\/index.php?rest_route=%2Fwp%2Fv2%2Fcategories&post=6295"},{"taxonomy":"post_tag","embeddable":true,"href":"https:\/\/contratacion.almunecar.es\/index.php?rest_route=%2Fwp%2Fv2%2Ftags&post=6295"}],"curies":[{"name":"wp","href":"https:\/\/api.w.org\/{rel}","templated":true}]}}