{"id":6279,"date":"2023-08-01T09:37:47","date_gmt":"2023-08-01T07:37:47","guid":{"rendered":"https:\/\/contratacion.almunecar.es\/?p=6279"},"modified":"2023-11-16T10:18:04","modified_gmt":"2023-11-16T08:18:04","slug":"expte-79b-2023-gest-6098-2023-seguro-de-responsabilidad-civil-del-ayuntamiento-de-almunecar","status":"publish","type":"post","link":"https:\/\/contratacion.almunecar.es\/?p=6279","title":{"rendered":"EXPTE. 79B\/2023 (GEST 6098\/2023): SEGURO DE RESPONSABILIDAD CIVIL DEL AYUNTAMIENTO DE ALMU\u00d1\u00c9CAR."},"content":{"rendered":"<p>01\/08\/2023 <a href=\"https:\/\/contratacion.almunecar.es\/wp-content\/uploads\/2023\/08\/INFORME-DE-NECESIDAD-Y-NO-DIVISION-EN-LOTES.pdf\">INFORME DE NECESIDAD Y NO DIVISION EN LOTES<\/a><\/p>\n<p>01\/08\/2023 <a href=\"https:\/\/contratacion.almunecar.es\/wp-content\/uploads\/2023\/08\/MEMORIA-JUSTIFICATIVA-SEGURO-DE-RESPONSABILIDAD-CIVIL.pdf\">MEMORIA JUSTIFICATIVA SEGURO DE RESPONSABILIDAD CIVIL<\/a><\/p>\n<p>01\/08\/2023 <a href=\"https:\/\/contratacion.almunecar.es\/wp-content\/uploads\/2023\/08\/CERTIFICACION-DE-GOBIERNO-APROB-E-INICIACION-DE-EXPTE.pdf\">CERTIFICACION DE GOBIERNO APROB E INICIACION DE EXPTE<\/a><\/p>\n<p>01\/08\/2023 <a href=\"https:\/\/contratacion.almunecar.es\/wp-content\/uploads\/2023\/08\/PPT-SEGURO-DE-RESPONSABILIDAD-CIVIL.pdf\">PPT SEGURO DE RESPONSABILIDAD CIVIL<\/a><\/p>\n<p>01\/08\/2023 <a href=\"https:\/\/contratacion.almunecar.es\/wp-content\/uploads\/2023\/08\/PCAP-SEGURO-DE-RESPONSABILIDAD-CIVIL.pdf\">PCAP SEGURO DE RESPONSABILIDAD CIVIL<\/a><\/p>\n<p>01\/08\/2023 <a href=\"https:\/\/contratacion.almunecar.es\/wp-content\/uploads\/2023\/08\/RA-DECLARACION-DESIERTO-PROCEDIMIENTO-ANTERIOR-1.pdf\">RA DECLARACION DESIERTO PROCEDIMIENTO ANTERIOR<\/a><\/p>\n<p>01\/08\/2023 <a href=\"https:\/\/contratacion.almunecar.es\/wp-content\/uploads\/2023\/08\/PLACSP-ANUNCIO-DE-LICITACI\u00d3N-SEGURO-RESPONSABILIDAD-CIVIL-NUEVO-EXPTE..pdf\">PLACSP &#8211; ANUNCIO DE LICITACI\u00d3N SEGURO RESPONSABILIDAD CIVIL (NUEVO EXPTE.)<\/a><\/p>\n<p>01\/08\/2023 <a href=\"https:\/\/contratacion.almunecar.es\/wp-content\/uploads\/2023\/08\/PLACSP-DOCUMENTO-DE-PLIEGOS-SEGURO-RESPONSABILIDAD-CIVIL-NUEVO-EXPTE..pdf\">PLACSP &#8211; DOCUMENTO DE PLIEGOS SEGURO RESPONSABILIDAD CIVIL (NUEVO EXPTE.)<\/a><\/p>\n<p>Para m\u00e1s informaci\u00f3n y presentaci\u00f3n de Ofertas: <a href=\"https:\/\/contrataciondelestado.es\/wps\/poc?uri=deeplink%3Adetalle_licitacion&amp;idEvl=UA5sKGzWbi%2FN3k3tjedSGw%3D%3D\">click aqu\u00ed<\/a><\/p>\n<p>30\/08\/2023 <a href=\"https:\/\/contratacion.almunecar.es\/wp-content\/uploads\/2023\/07\/CITACION-MESA-DE-CONTRATACION-2023-09-01.pdf\">CITACION MESA DE CONTRATACION 2023-09-01<\/a><\/p>\n<p>11\/09\/2023 <a href=\"https:\/\/contratacion.almunecar.es\/wp-content\/uploads\/2023\/07\/ACTA-MESA-DE-CONTRATACION-2023-09-01.pdf\">ACTA MESA DE CONTRATACION 2023-09-01<\/a><\/p>\n<p>14\/09\/2023 <a href=\"https:\/\/contratacion.almunecar.es\/wp-content\/uploads\/2023\/08\/R.A.-REQUER.-DE-DOCUMENTACION-SEGURO-DE-RESPONSABILIDAD-CIVIL-MAPFRE-ESPA\u00d1A-S.A..pdf\">R.A. REQUER. DE DOCUMENTACION SEGURO DE RESPONSABILIDAD CIVIL &#8211; MAPFRE ESPA\u00d1A S.A.<\/a><\/p>\n<p>14\/09\/2023 <a href=\"https:\/\/contratacion.almunecar.es\/wp-content\/uploads\/2023\/08\/PLACSP-REQUERIMIENTO-DE-DOC.-SEGURO-RESPONSABILIDAD-CIVIL-A-MAPFRE-ESPA\u00d1A-S.A..pdf\">PLACSP &#8211; REQUERIMIENTO DE DOC. SEGURO RESPONSABILIDAD CIVIL A MAPFRE ESPA\u00d1A S.A.<\/a><\/p>\n<p>20\/10\/2023 <a href=\"https:\/\/contratacion.almunecar.es\/wp-content\/uploads\/2023\/08\/RA-ADJUDICACION-SEGURO-RESPONSABILIDAD-CIVIL-MAPFRE.pdf\">RA ADJUDICACION SEGURO RESPONSABILIDAD CIVIL &#8211; MAPFRE<\/a><\/p>\n<p>20\/10\/2023 <a href=\"https:\/\/contratacion.almunecar.es\/wp-content\/uploads\/2023\/08\/PLACSP-ANUNCIO-ADJUDICACI\u00d3N-SEGURO-RESPONSABILIDAD-CIVIL-MAPFRE.pdf\">PLACSP &#8211; ANUNCIO ADJUDICACI\u00d3N SEGURO RESPONSABILIDAD CIVIL &#8211; MAPFRE<\/a><\/p>\n<p>16\/11\/2023 <a href=\"https:\/\/contratacion.almunecar.es\/wp-content\/uploads\/2023\/08\/PLACSP-FORMALIZACI\u00d3N-CONTRATO-RESPONSABILIDAD-CIVIL.pdf\">PLACSP &#8211; FORMALIZACI\u00d3N CONTRATO RESPONSABILIDAD CIVIL<\/a><\/p>\n<p>&nbsp;<\/p>\n","protected":false},"excerpt":{"rendered":"<p>01\/08\/2023 INFORME DE NECESIDAD Y NO DIVISION EN LOTES 01\/08\/2023 MEMORIA JUSTIFICATIVA SEGURO DE RESPONSABILIDAD CIVIL 01\/08\/2023 CERTIFICACION DE GOBIERNO APROB E INICIACION DE EXPTE 01\/08\/2023 PPT SEGURO DE RESPONSABILIDAD CIVIL 01\/08\/2023 PCAP SEGURO DE RESPONSABILIDAD CIVIL 01\/08\/2023 RA DECLARACION DESIERTO PROCEDIMIENTO ANTERIOR 01\/08\/2023 PLACSP &#8211; ANUNCIO DE LICITACI\u00d3N SEGURO RESPONSABILIDAD CIVIL (NUEVO EXPTE.) 01\/08\/2023&hellip; <br \/> <a class=\"button small blue\" href=\"https:\/\/contratacion.almunecar.es\/?p=6279\">Leer m\u00e1s<\/a><\/p>\n","protected":false},"author":5,"featured_media":0,"comment_status":"closed","ping_status":"closed","sticky":false,"template":"","format":"standard","meta":{"_acf_changed":false,"footnotes":""},"categories":[5,3,7,12,4],"tags":[],"class_list":["post-6279","post","type-post","status-publish","format-standard","hentry","category-adjudicacion_final","category-anuncio","category-formalizacion","category-formalizacion-de-contrato","category-licitacion"],"acf":[],"_links":{"self":[{"href":"https:\/\/contratacion.almunecar.es\/index.php?rest_route=\/wp\/v2\/posts\/6279","targetHints":{"allow":["GET"]}}],"collection":[{"href":"https:\/\/contratacion.almunecar.es\/index.php?rest_route=\/wp\/v2\/posts"}],"about":[{"href":"https:\/\/contratacion.almunecar.es\/index.php?rest_route=\/wp\/v2\/types\/post"}],"author":[{"embeddable":true,"href":"https:\/\/contratacion.almunecar.es\/index.php?rest_route=\/wp\/v2\/users\/5"}],"replies":[{"embeddable":true,"href":"https:\/\/contratacion.almunecar.es\/index.php?rest_route=%2Fwp%2Fv2%2Fcomments&post=6279"}],"version-history":[{"count":8,"href":"https:\/\/contratacion.almunecar.es\/index.php?rest_route=\/wp\/v2\/posts\/6279\/revisions"}],"predecessor-version":[{"id":6913,"href":"https:\/\/contratacion.almunecar.es\/index.php?rest_route=\/wp\/v2\/posts\/6279\/revisions\/6913"}],"wp:attachment":[{"href":"https:\/\/contratacion.almunecar.es\/index.php?rest_route=%2Fwp%2Fv2%2Fmedia&parent=6279"}],"wp:term":[{"taxonomy":"category","embeddable":true,"href":"https:\/\/contratacion.almunecar.es\/index.php?rest_route=%2Fwp%2Fv2%2Fcategories&post=6279"},{"taxonomy":"post_tag","embeddable":true,"href":"https:\/\/contratacion.almunecar.es\/index.php?rest_route=%2Fwp%2Fv2%2Ftags&post=6279"}],"curies":[{"name":"wp","href":"https:\/\/api.w.org\/{rel}","templated":true}]}}