{"id":6256,"date":"2023-07-26T09:53:44","date_gmt":"2023-07-26T07:53:44","guid":{"rendered":"https:\/\/contratacion.almunecar.es\/?p=6256"},"modified":"2023-11-27T10:51:41","modified_gmt":"2023-11-27T08:51:41","slug":"expediente-161-2022-gest-10200-2022-contratacion-de-maquinaria-cualificada-de-transportes-para-la-ejecucion-de-los-trabajos-de-mantenimiento-conservacion-y-mejora-de-espacios-publicos-y-caminos-en","status":"publish","type":"post","link":"https:\/\/contratacion.almunecar.es\/?p=6256","title":{"rendered":"Expediente 161\/2022 (GEST 10200\/2022) Contrataci\u00f3n de maquinaria cualificada de transportes para la ejecuci\u00f3n de los trabajos de  mantenimiento conservaci\u00f3n y mejora de espacios p\u00fablicos y caminos en Almu\u00f1\u00e9car"},"content":{"rendered":"<p>22\/07\/2022 <a href=\"https:\/\/contratacion.almunecar.es\/wp-content\/uploads\/2023\/07\/APROBACION-PLIEGOS-TRANSPORTE-CAMIONES.pdf\">APROBACION PLIEGOS TRANSPORTE CAMIONES<\/a><\/p>\n<p>22\/07\/2022 <a href=\"https:\/\/contratacion.almunecar.es\/wp-content\/uploads\/2023\/07\/NECESIDAD-DEL-SERVICIO-Y-AUSENCIA-DE-MEDIOS-PROPIOS-TRANSP.pdf\">NECESIDAD DEL SERVICIO Y AUSENCIA DE MEDIOS PROPIOS TRANSP<\/a><\/p>\n<p>22\/07\/2022 <a href=\"https:\/\/contratacion.almunecar.es\/wp-content\/uploads\/2023\/07\/PLASC-ANUNCIO-LICITACION.pdf\">PLASC ANUNCIO LICITACION<\/a><\/p>\n<p>22\/07\/2022 <a href=\"https:\/\/contratacion.almunecar.es\/wp-content\/uploads\/2023\/07\/PLASC-DOCUMENTO-PLIEGOS-1.pdf\">PLASC DOCUMENTO PLIEGOS<\/a><\/p>\n<p>22\/07\/2022 <a href=\"https:\/\/contratacion.almunecar.es\/wp-content\/uploads\/2023\/07\/PUBLICACION-DOUE.pdf\">PUBLICACION DOUE<\/a><\/p>\n<p>Para m\u00e1s informaci\u00f3n y presentaci\u00f3n de Ofertas:\u00a0<a href=\"https:\/\/contrataciondelestado.es\/wps\/poc?uri=deeplink:detalle_licitacion&amp;idEvl=YeY%2FQWk9KZM3vLk2DU2Ddg%3D%3D\" target=\"_blank\" rel=\"noopener noreferrer\">click aqu\u00ed<\/a><\/p>\n<p>30\/08\/2023 <a href=\"https:\/\/contratacion.almunecar.es\/wp-content\/uploads\/2023\/07\/CITACION-MESA-DE-CONTRATACION-2023-09-01.pdf\">CITACION MESA DE CONTRATACION 2023-09-01<\/a><\/p>\n<p>11\/09\/2023 <a href=\"https:\/\/contratacion.almunecar.es\/wp-content\/uploads\/2023\/07\/ACTA-MESA-DE-CONTRATACION-2023-09-01.pdf\">ACTA MESA DE CONTRATACION 2023-09-01<\/a><\/p>\n<p>19\/09\/2023 <a href=\"https:\/\/contratacion.almunecar.es\/wp-content\/uploads\/2023\/08\/CITACION-MESA-DE-CONTRATACION-2023-09-22.pdf\">CITACION MESA DE CONTRATACION 2023-09-22<\/a><\/p>\n<p>28\/09\/2023 <a href=\"https:\/\/contratacion.almunecar.es\/wp-content\/uploads\/2023\/08\/ACTA-MESA-DE-CONTRATACION-2023-09-22.pdf\">ACTA MESA DE CONTRATACION 2023-09-22<\/a><\/p>\n<p>06\/10\/2023 <a href=\"https:\/\/contratacion.almunecar.es\/wp-content\/uploads\/2023\/07\/RA-REQUER-DE-DOCUMENT-VEHICULOS-Y-CONTENEDORES-DE-OBRA-LOTES-1-Y-2.pdf\">RA REQUER DE DOCUMENT VEHICULOS Y CONTENEDORES DE OBRA LOTES 1 Y 2<\/a><\/p>\n<p>06\/10\/2023 <a href=\"https:\/\/contratacion.almunecar.es\/wp-content\/uploads\/2023\/07\/PLACSP-COMUNIC-REQUERIMIENTO-DE-DOCUMENTACION-A-VIALES-PROGRESO-SL.pdf\">PLACSP &#8211; COMUNIC REQUERIMIENTO DE DOCUMENTACION A VIALES PROGRESO SL<\/a><\/p>\n<p>31\/10\/2023 <a href=\"https:\/\/contratacion.almunecar.es\/wp-content\/uploads\/2023\/07\/RA-ADJUDICACION-VEHICULOS-Y-CONTENEDORES-DE-OBRA-LOTES-1-Y-2.pdf\">RA ADJUDICACION VEHICULOS Y CONTENEDORES DE OBRA LOTES 1 Y 2<\/a><\/p>\n<p>31\/10\/2023 <a href=\"https:\/\/contratacion.almunecar.es\/wp-content\/uploads\/2023\/07\/PLACSP-ADJUDICACION-ALQUILER-VEHICULOS-Y-CONTENEDORES-DE-OBRA-LOTES-1-Y-2.pdf\">PLACSP &#8211; ADJUDICACION ALQUILER VEHICULOS Y CONTENEDORES DE OBRA LOTES 1 Y 2<\/a><\/p>\n<p>27\/11\/2023 <a href=\"https:\/\/contratacion.almunecar.es\/wp-content\/uploads\/2023\/07\/PLACSP-FORMALIZACI\u00d3N-CONTRATO-LOTE-1-Y-2-VEH\u00cdCULOS-Y-CONTENEDORES-DE-OBRA.pdf\">PLACSP &#8211; FORMALIZACI\u00d3N CONTRATO LOTE 1 Y 2 VEH\u00cdCULOS Y CONTENEDORES DE OBRA<\/a><\/p>\n<p>&nbsp;<\/p>\n<p>&nbsp;<\/p>\n<p>&nbsp;<\/p>\n<p>&nbsp;<\/p>\n","protected":false},"excerpt":{"rendered":"<p>22\/07\/2022 APROBACION PLIEGOS TRANSPORTE CAMIONES 22\/07\/2022 NECESIDAD DEL SERVICIO Y AUSENCIA DE MEDIOS PROPIOS TRANSP 22\/07\/2022 PLASC ANUNCIO LICITACION 22\/07\/2022 PLASC DOCUMENTO PLIEGOS 22\/07\/2022 PUBLICACION DOUE Para m\u00e1s informaci\u00f3n y presentaci\u00f3n de Ofertas:\u00a0click aqu\u00ed 30\/08\/2023 CITACION MESA DE CONTRATACION 2023-09-01 11\/09\/2023 ACTA MESA DE CONTRATACION 2023-09-01 19\/09\/2023 CITACION MESA DE CONTRATACION 2023-09-22 28\/09\/2023 ACTA MESA&hellip; <br \/> <a class=\"button small blue\" href=\"https:\/\/contratacion.almunecar.es\/?p=6256\">Leer m\u00e1s<\/a><\/p>\n","protected":false},"author":1,"featured_media":0,"comment_status":"closed","ping_status":"closed","sticky":false,"template":"","format":"standard","meta":{"_acf_changed":false,"footnotes":""},"categories":[5,3,7,12,4],"tags":[],"class_list":["post-6256","post","type-post","status-publish","format-standard","hentry","category-adjudicacion_final","category-anuncio","category-formalizacion","category-formalizacion-de-contrato","category-licitacion"],"acf":[],"_links":{"self":[{"href":"https:\/\/contratacion.almunecar.es\/index.php?rest_route=\/wp\/v2\/posts\/6256","targetHints":{"allow":["GET"]}}],"collection":[{"href":"https:\/\/contratacion.almunecar.es\/index.php?rest_route=\/wp\/v2\/posts"}],"about":[{"href":"https:\/\/contratacion.almunecar.es\/index.php?rest_route=\/wp\/v2\/types\/post"}],"author":[{"embeddable":true,"href":"https:\/\/contratacion.almunecar.es\/index.php?rest_route=\/wp\/v2\/users\/1"}],"replies":[{"embeddable":true,"href":"https:\/\/contratacion.almunecar.es\/index.php?rest_route=%2Fwp%2Fv2%2Fcomments&post=6256"}],"version-history":[{"count":9,"href":"https:\/\/contratacion.almunecar.es\/index.php?rest_route=\/wp\/v2\/posts\/6256\/revisions"}],"predecessor-version":[{"id":6984,"href":"https:\/\/contratacion.almunecar.es\/index.php?rest_route=\/wp\/v2\/posts\/6256\/revisions\/6984"}],"wp:attachment":[{"href":"https:\/\/contratacion.almunecar.es\/index.php?rest_route=%2Fwp%2Fv2%2Fmedia&parent=6256"}],"wp:term":[{"taxonomy":"category","embeddable":true,"href":"https:\/\/contratacion.almunecar.es\/index.php?rest_route=%2Fwp%2Fv2%2Fcategories&post=6256"},{"taxonomy":"post_tag","embeddable":true,"href":"https:\/\/contratacion.almunecar.es\/index.php?rest_route=%2Fwp%2Fv2%2Ftags&post=6256"}],"curies":[{"name":"wp","href":"https:\/\/api.w.org\/{rel}","templated":true}]}}