{"id":6210,"date":"2023-07-10T12:42:08","date_gmt":"2023-07-10T10:42:08","guid":{"rendered":"https:\/\/contratacion.almunecar.es\/?p=6210"},"modified":"2024-04-05T12:43:25","modified_gmt":"2024-04-05T10:43:25","slug":"expte-127-2022-gest-9165-2022-servicio-de-mantenimiento-y-concesion-a-control-receptor-de-los-sistemas-de-alarma-y-sistemas-de-viodeovigilancia","status":"publish","type":"post","link":"https:\/\/contratacion.almunecar.es\/?p=6210","title":{"rendered":"Expte. 127\/2022 (GEST 9165\/2022). Servicio de mantenimiento y concesi\u00f3n a control receptor de los sistemas de Alarma y sistemas de Viodeovigilancia"},"content":{"rendered":"<p>10\/07\/2023: <a href=\"https:\/\/contratacion.almunecar.es\/wp-content\/uploads\/2023\/07\/APROBACI\u00d3N-EXPEDIENTE.pdf\">APROBACI\u00d3N EXPEDIENTE<\/a><\/p>\n<p>10\/07\/2023: <a href=\"https:\/\/contratacion.almunecar.es\/wp-content\/uploads\/2023\/07\/INFORME-DE-NECESIDAD.pdf\">INFORME DE NECESIDAD<\/a><\/p>\n<p>10\/07\/2023: <a href=\"https:\/\/contratacion.almunecar.es\/wp-content\/uploads\/2023\/07\/INFORME-NO-DIVISION-LOTES.pdf\">INFORME NO DIVISION LOTES<\/a><\/p>\n<p>10\/07\/2023: <a href=\"https:\/\/contratacion.almunecar.es\/wp-content\/uploads\/2023\/07\/MEMORIA-JUSTIFICATIVA.pdf\">MEMORIA JUSTIFICATIVA<\/a><\/p>\n<p>10\/07\/2023: <a href=\"https:\/\/contratacion.almunecar.es\/wp-content\/uploads\/2023\/07\/PLASC-ANUNCIO-DE-LICITACION.pdf\">PLASC ANUNCIO DE LICITACION<\/a><\/p>\n<p>10\/07\/2023: <a href=\"https:\/\/contratacion.almunecar.es\/wp-content\/uploads\/2023\/07\/PLASC-DOCUMENTO-PLIEGOS.pdf\">PLASC DOCUMENTO PLIEGOS<\/a><\/p>\n<p>Para m\u00e1s informaci\u00f3n y presentaci\u00f3n de Ofertas:\u00a0<a href=\"https:\/\/contrataciondelestado.es\/wps\/poc?uri=deeplink:perfilContratante&amp;idBp=r%2BWbGNBdKDcSugstABGr5A%3D%3D\">click aqu\u00ed<\/a><\/p>\n<p>30\/08\/2023 <a href=\"https:\/\/contratacion.almunecar.es\/wp-content\/uploads\/2023\/07\/CITACION-MESA-DE-CONTRATACION-2023-09-01.pdf\">CITACION MESA DE CONTRATACION 2023-09-01<\/a><\/p>\n<p>11\/09\/2023 <a href=\"https:\/\/contratacion.almunecar.es\/wp-content\/uploads\/2023\/07\/ACTA-MESA-DE-CONTRATACION-2023-09-01.pdf\">ACTA MESA DE CONTRATACION 2023-09-01<\/a><\/p>\n<p>19\/09\/2023 <a href=\"https:\/\/contratacion.almunecar.es\/wp-content\/uploads\/2023\/08\/CITACION-MESA-DE-CONTRATACION-2023-09-22.pdf\">CITACION MESA DE CONTRATACION 2023-09-22<\/a><\/p>\n<p>28\/09\/2023 <a href=\"https:\/\/contratacion.almunecar.es\/wp-content\/uploads\/2023\/08\/ACTA-MESA-DE-CONTRATACION-2023-09-22.pdf\">ACTA MESA DE CONTRATACION 2023-09-22<\/a><\/p>\n<p>28\/09\/2023 <a href=\"https:\/\/contratacion.almunecar.es\/wp-content\/uploads\/2023\/07\/PLACSP-COMUNICACION-JUSTIF-OAB-VASBE-SL.pdf\">PLACSP &#8211; COMUNICACION JUSTIF OAB VASBE SL<\/a><\/p>\n<p>28\/09\/2023 <a href=\"https:\/\/contratacion.almunecar.es\/wp-content\/uploads\/2023\/07\/MESA-CONTRATACION-SISTEMAS-DE-ALARMA-INFORME-CORRECTO-BAJAS-TEMERARIAS.pdf\">MESA CONTRATACION SISTEMAS DE ALARMA INFORME CORRECTO BAJAS TEMERARIAS<\/a><\/p>\n<p>09\/01\/2024 <a href=\"https:\/\/contratacion.almunecar.es\/wp-content\/uploads\/2023\/11\/CITACION-MESA-DE-CONTRATACION-2024-01-12.pdf\">CITACION MESA DE CONTRATACION 2024-01-12<\/a><\/p>\n<p>15\/01\/2024 <a href=\"https:\/\/contratacion.almunecar.es\/wp-content\/uploads\/2023\/11\/ACTA-MESA-DE-CONTRATACION-2024-01-12.pdf\">ACTA MESA DE CONTRATACION 2024-01-12<\/a><\/p>\n<p>22\/01\/2024 <a href=\"https:\/\/contratacion.almunecar.es\/wp-content\/uploads\/2023\/07\/RA-REQUER-DOCUMENTACION-ALARMAS-Y-VIDEOVIGILANCIA-SECUR.pdf\">RA REQUER DOCUMENTACION ALARMAS Y VIDEOVIGILANCIA &#8211; SECUR<\/a><\/p>\n<p>22\/01\/2024 <a href=\"https:\/\/contratacion.almunecar.es\/wp-content\/uploads\/2023\/07\/PLACSP-COMUNIC-REQUER-DOCUMENTACION-ALARMAS-Y-VIDEOVIGILANCIA-UTE-SECUR.pdf\">PLACSP &#8211; COMUNIC REQUER DOCUMENTACION ALARMAS Y VIDEOVIGILANCIA &#8211; UTE SECUR<\/a><\/p>\n<p>16\/02\/2024 <a href=\"https:\/\/contratacion.almunecar.es\/wp-content\/uploads\/2023\/07\/RA-ADJUDICACION-ALARMAS-SECUR.pdf\">RA ADJUDICACION ALARMAS &#8211; SECUR<\/a><\/p>\n<p>16\/02\/2024 <a href=\"https:\/\/contratacion.almunecar.es\/wp-content\/uploads\/2023\/07\/PLACSP-ADJUDICACI\u00d3N-ALARMAS.pdf\">PLACSP &#8211; ADJUDICACI\u00d3N ALARMAS<\/a><\/p>\n<p>05\/04\/2024 <a href=\"https:\/\/contratacion.almunecar.es\/wp-content\/uploads\/2023\/07\/DOUE-FORMALIZACI\u00d3N-CONTRATO-ALARMAS-Y-VIDEOVIGILANCIA.pdf\">DOUE &#8211; FORMALIZACI\u00d3N CONTRATO ALARMAS Y VIDEOVIGILANCIA<\/a><\/p>\n<p>05\/04\/2024 <a href=\"https:\/\/contratacion.almunecar.es\/wp-content\/uploads\/2023\/07\/PLACSP-FORMALIZACI\u00d3N-CONTRATO-SIST.-ALARMAS-Y-VIGILANCIA.pdf\">PLACSP &#8211; FORMALIZACI\u00d3N CONTRATO SIST. ALARMAS Y VIGILANCIA<\/a><\/p>\n<p>&nbsp;<\/p>\n<p>&nbsp;<\/p>\n<p>&nbsp;<\/p>\n<p>&nbsp;<\/p>\n<p>&nbsp;<\/p>\n<p>&nbsp;<\/p>\n<p>&nbsp;<\/p>\n","protected":false},"excerpt":{"rendered":"<p>10\/07\/2023: APROBACI\u00d3N EXPEDIENTE 10\/07\/2023: INFORME DE NECESIDAD 10\/07\/2023: INFORME NO DIVISION LOTES 10\/07\/2023: MEMORIA JUSTIFICATIVA 10\/07\/2023: PLASC ANUNCIO DE LICITACION 10\/07\/2023: PLASC DOCUMENTO PLIEGOS Para m\u00e1s informaci\u00f3n y presentaci\u00f3n de Ofertas:\u00a0click aqu\u00ed 30\/08\/2023 CITACION MESA DE CONTRATACION 2023-09-01 11\/09\/2023 ACTA MESA DE CONTRATACION 2023-09-01 19\/09\/2023 CITACION MESA DE CONTRATACION 2023-09-22 28\/09\/2023 ACTA MESA DE CONTRATACION&hellip; <br \/> <a class=\"button small blue\" href=\"https:\/\/contratacion.almunecar.es\/?p=6210\">Leer m\u00e1s<\/a><\/p>\n","protected":false},"author":1,"featured_media":0,"comment_status":"closed","ping_status":"closed","sticky":false,"template":"","format":"standard","meta":{"_acf_changed":false,"footnotes":""},"categories":[5,3,7,12,4],"tags":[],"class_list":["post-6210","post","type-post","status-publish","format-standard","hentry","category-adjudicacion_final","category-anuncio","category-formalizacion","category-formalizacion-de-contrato","category-licitacion"],"acf":[],"_links":{"self":[{"href":"https:\/\/contratacion.almunecar.es\/index.php?rest_route=\/wp\/v2\/posts\/6210","targetHints":{"allow":["GET"]}}],"collection":[{"href":"https:\/\/contratacion.almunecar.es\/index.php?rest_route=\/wp\/v2\/posts"}],"about":[{"href":"https:\/\/contratacion.almunecar.es\/index.php?rest_route=\/wp\/v2\/types\/post"}],"author":[{"embeddable":true,"href":"https:\/\/contratacion.almunecar.es\/index.php?rest_route=\/wp\/v2\/users\/1"}],"replies":[{"embeddable":true,"href":"https:\/\/contratacion.almunecar.es\/index.php?rest_route=%2Fwp%2Fv2%2Fcomments&post=6210"}],"version-history":[{"count":13,"href":"https:\/\/contratacion.almunecar.es\/index.php?rest_route=\/wp\/v2\/posts\/6210\/revisions"}],"predecessor-version":[{"id":7555,"href":"https:\/\/contratacion.almunecar.es\/index.php?rest_route=\/wp\/v2\/posts\/6210\/revisions\/7555"}],"wp:attachment":[{"href":"https:\/\/contratacion.almunecar.es\/index.php?rest_route=%2Fwp%2Fv2%2Fmedia&parent=6210"}],"wp:term":[{"taxonomy":"category","embeddable":true,"href":"https:\/\/contratacion.almunecar.es\/index.php?rest_route=%2Fwp%2Fv2%2Fcategories&post=6210"},{"taxonomy":"post_tag","embeddable":true,"href":"https:\/\/contratacion.almunecar.es\/index.php?rest_route=%2Fwp%2Fv2%2Ftags&post=6210"}],"curies":[{"name":"wp","href":"https:\/\/api.w.org\/{rel}","templated":true}]}}