{"id":6200,"date":"2023-07-06T13:28:45","date_gmt":"2023-07-06T11:28:45","guid":{"rendered":"https:\/\/contratacion.almunecar.es\/?p=6200"},"modified":"2023-09-25T08:59:16","modified_gmt":"2023-09-25T06:59:16","slug":"expte-12-2023-gest-883-2023-obras-de-pavimentacion-del-camino-de-los-majos-en-el-termino-municipal-de-almunecar-granada","status":"publish","type":"post","link":"https:\/\/contratacion.almunecar.es\/?p=6200","title":{"rendered":"EXPTE. 12\/2023 (GEST 883\/2023): OBRAS DE PAVIMENTACI\u00d3N DEL \u00abCAMINO DE LOS MAJOS\u00bb, EN EL T\u00c9RMINO MUNICIPAL DE ALMU\u00d1\u00c9CAR (GRANADA)."},"content":{"rendered":"<p>06\/07\/2023 <a href=\"https:\/\/contratacion.almunecar.es\/wp-content\/uploads\/2023\/07\/INFORME-NECESIDAD-Y-NO-DIV-EN-LOTES-PAV-CAMINO-MAJOS.pdf\">INFORME NECESIDAD Y NO DIV EN LOTES PAV CAMINO MAJOS<\/a><\/p>\n<p>06\/07\/2023 <a href=\"https:\/\/contratacion.almunecar.es\/wp-content\/uploads\/2023\/07\/PPTP-PROYECTO-OBRAS-PAV-CAMINO-MAJOS.pdf\">PPTP PROYECTO OBRAS PAV CAMINO MAJOS<\/a><\/p>\n<p>06\/07\/2023 <a href=\"https:\/\/contratacion.almunecar.es\/wp-content\/uploads\/2023\/07\/PCAP-OBRAS-PAVIMENTACION-CAMINO-LOS-MAJOS.pdf\">PCAP OBRAS PAVIMENTACION CAMINO LOS MAJOS<\/a><\/p>\n<p>06\/07\/2023 <a href=\"https:\/\/contratacion.almunecar.es\/wp-content\/uploads\/2023\/07\/CERTIFICACION-DE-GOBIERNO-APROB-E-INICIACION-DE-EXPTE.pdf\">CERTIFICACION DE GOBIERNO APROB E INICIACION DE EXPTE<\/a><\/p>\n<p>06\/07\/2023 <a href=\"https:\/\/contratacion.almunecar.es\/wp-content\/uploads\/2023\/07\/PLACSP-ANUNCIO-DE-LICITACI\u00d3N-OBRAS-PAVIMENTACI\u00d3N-CAMINO-DE-LOS-MAJOS.pdf\">PLACSP &#8211; ANUNCIO DE LICITACI\u00d3N OBRAS PAVIMENTACI\u00d3N CAMINO DE LOS MAJOS<\/a><\/p>\n<p>06\/07\/2023 <a href=\"https:\/\/contratacion.almunecar.es\/wp-content\/uploads\/2023\/07\/PLACSP-DOCUMENTO-DE-PLIEGOS-OBRAS-PAVIMENTACI\u00d3N-CAMINO-DE-LOS-MAJOS.pdf\">PLACSP &#8211; DOCUMENTO DE PLIEGOS OBRAS PAVIMENTACI\u00d3N CAMINO DE LOS MAJOS<\/a><\/p>\n<p>Para m\u00e1s informaci\u00f3n y presentaci\u00f3n de Ofertas: <a href=\"https:\/\/contrataciondelestado.es\/wps\/poc?uri=deeplink%3Adetalle_licitacion&amp;idEvl=M5xbeIKlSBwZDGvgaZEVxQ%3D%3D\">click aqu\u00ed<\/a><\/p>\n<p>03\/08\/2023 <a href=\"https:\/\/contratacion.almunecar.es\/wp-content\/uploads\/2023\/07\/CITACION-MESA-DE-CONTRATACION-2023-08-07.pdf\">CITACION MESA DE CONTRATACION 2023-08-07<\/a><\/p>\n<p>24\/08\/2023 <a href=\"https:\/\/contratacion.almunecar.es\/wp-content\/uploads\/2023\/07\/ACTA-MESA-DE-CONTRATACION-2023-08-07.pdf\">ACTA MESA DE CONTRATACION 2023-08-07<\/a><\/p>\n<p>14\/09\/2023 <a href=\"https:\/\/contratacion.almunecar.es\/wp-content\/uploads\/2023\/07\/RA-ADJUDICACION-PAVIMENTACION-DEL-CAMINO-DE-LOS-MAJOS.pdf\">RA ADJUDICACION PAVIMENTACION DEL CAMINO DE LOS MAJOS<\/a><\/p>\n<p>14\/09\/2023 <a href=\"https:\/\/contratacion.almunecar.es\/wp-content\/uploads\/2023\/07\/PLACSP-ANUNCIO-ADJUDICACION-PAVIMENTACION-DEL-CAMINO-DE-LOS-MAJOS.pdf\">PLACSP &#8211; ANUNCIO ADJUDICACION PAVIMENTACION DEL CAMINO DE LOS MAJOS<\/a><\/p>\n<p>25\/09\/2023 <a href=\"https:\/\/contratacion.almunecar.es\/wp-content\/uploads\/2023\/07\/PLACSP-FORMALIZACI\u00d3N-CONTRATO-PAVIMENTACI\u00d3N-CAMINO-LOS-MAJOS.pdf\">PLACSP &#8211; FORMALIZACI\u00d3N CONTRATO PAVIMENTACI\u00d3N CAMINO LOS MAJOS<\/a><\/p>\n<p>&nbsp;<\/p>\n<p>&nbsp;<\/p>\n<p>&nbsp;<\/p>\n","protected":false},"excerpt":{"rendered":"<p>06\/07\/2023 INFORME NECESIDAD Y NO DIV EN LOTES PAV CAMINO MAJOS 06\/07\/2023 PPTP PROYECTO OBRAS PAV CAMINO MAJOS 06\/07\/2023 PCAP OBRAS PAVIMENTACION CAMINO LOS MAJOS 06\/07\/2023 CERTIFICACION DE GOBIERNO APROB E INICIACION DE EXPTE 06\/07\/2023 PLACSP &#8211; ANUNCIO DE LICITACI\u00d3N OBRAS PAVIMENTACI\u00d3N CAMINO DE LOS MAJOS 06\/07\/2023 PLACSP &#8211; DOCUMENTO DE PLIEGOS OBRAS PAVIMENTACI\u00d3N CAMINO&hellip; <br \/> <a class=\"button small blue\" href=\"https:\/\/contratacion.almunecar.es\/?p=6200\">Leer m\u00e1s<\/a><\/p>\n","protected":false},"author":5,"featured_media":0,"comment_status":"closed","ping_status":"closed","sticky":false,"template":"","format":"standard","meta":{"_acf_changed":false,"footnotes":""},"categories":[5,3,7,4],"tags":[],"class_list":["post-6200","post","type-post","status-publish","format-standard","hentry","category-adjudicacion_final","category-anuncio","category-formalizacion","category-licitacion"],"acf":[],"_links":{"self":[{"href":"https:\/\/contratacion.almunecar.es\/index.php?rest_route=\/wp\/v2\/posts\/6200","targetHints":{"allow":["GET"]}}],"collection":[{"href":"https:\/\/contratacion.almunecar.es\/index.php?rest_route=\/wp\/v2\/posts"}],"about":[{"href":"https:\/\/contratacion.almunecar.es\/index.php?rest_route=\/wp\/v2\/types\/post"}],"author":[{"embeddable":true,"href":"https:\/\/contratacion.almunecar.es\/index.php?rest_route=\/wp\/v2\/users\/5"}],"replies":[{"embeddable":true,"href":"https:\/\/contratacion.almunecar.es\/index.php?rest_route=%2Fwp%2Fv2%2Fcomments&post=6200"}],"version-history":[{"count":7,"href":"https:\/\/contratacion.almunecar.es\/index.php?rest_route=\/wp\/v2\/posts\/6200\/revisions"}],"predecessor-version":[{"id":6618,"href":"https:\/\/contratacion.almunecar.es\/index.php?rest_route=\/wp\/v2\/posts\/6200\/revisions\/6618"}],"wp:attachment":[{"href":"https:\/\/contratacion.almunecar.es\/index.php?rest_route=%2Fwp%2Fv2%2Fmedia&parent=6200"}],"wp:term":[{"taxonomy":"category","embeddable":true,"href":"https:\/\/contratacion.almunecar.es\/index.php?rest_route=%2Fwp%2Fv2%2Fcategories&post=6200"},{"taxonomy":"post_tag","embeddable":true,"href":"https:\/\/contratacion.almunecar.es\/index.php?rest_route=%2Fwp%2Fv2%2Ftags&post=6200"}],"curies":[{"name":"wp","href":"https:\/\/api.w.org\/{rel}","templated":true}]}}