{"id":6161,"date":"2023-06-30T11:19:37","date_gmt":"2023-06-30T09:19:37","guid":{"rendered":"https:\/\/contratacion.almunecar.es\/?p=6161"},"modified":"2023-08-01T09:48:39","modified_gmt":"2023-08-01T07:48:39","slug":"expte-79-2023-gest-6098-2023-seguro-de-responsabilidad-civil-del-ayuntamiento-de-almunecar","status":"publish","type":"post","link":"https:\/\/contratacion.almunecar.es\/?p=6161","title":{"rendered":"EXPTE. 79\/2023 (GEST 6098\/2023): SEGURO DE RESPONSABILIDAD CIVIL DEL AYUNTAMIENTO DE ALMU\u00d1\u00c9CAR."},"content":{"rendered":"<p>30\/06\/2023 <a href=\"https:\/\/contratacion.almunecar.es\/wp-content\/uploads\/2023\/06\/INFORME-DE-NECESIDAD-Y-NO-DIVISION-EN-LOTES.pdf\">INFORME DE NECESIDAD Y NO DIVISION EN LOTES<\/a><\/p>\n<p>30\/06\/2023 <a href=\"https:\/\/contratacion.almunecar.es\/wp-content\/uploads\/2023\/06\/MEMORIA-JUSTIFICATIVA-SEGURO-DE-RESPONSABILIDAD-CIVIL.pdf\">MEMORIA JUSTIFICATIVA SEGURO DE RESPONSABILIDAD CIVIL<\/a><\/p>\n<p>30\/06\/2023 <a href=\"https:\/\/contratacion.almunecar.es\/wp-content\/uploads\/2023\/06\/CERTIFICACION-DE-GOBIERNO-APROB-E-INICIACION-DE-EXPTE-1.pdf\">CERTIFICACION DE GOBIERNO APROB E INICIACION DE EXPTE<\/a><\/p>\n<p>30\/06\/2023 <a href=\"https:\/\/contratacion.almunecar.es\/wp-content\/uploads\/2023\/06\/PPTP-SEGURO-DE-RESPONSABILIDAD-CIVIL.pdf\">PPTP SEGURO DE RESPONSABILIDAD CIVIL<\/a><\/p>\n<p>30\/06\/2023 <a href=\"https:\/\/contratacion.almunecar.es\/wp-content\/uploads\/2023\/06\/PCAP-SEGURO-DE-RESPONSABILIDAD-CIVIL.pdf\">PCAP SEGURO DE RESPONSABILIDAD CIVIL<\/a><\/p>\n<p>30\/06\/2023 <a href=\"https:\/\/contratacion.almunecar.es\/wp-content\/uploads\/2023\/06\/PLACSP-ANUNCIO-DE-LICITACI\u00d3N-SEGURO-DE-RESPONSABILIDAD-CIVIL-AYTO.-ALMU\u00d1\u00c9CAR.pdf\">PLACSP &#8211; ANUNCIO DE LICITACI\u00d3N SEGURO DE RESPONSABILIDAD CIVIL AYTO. ALMU\u00d1\u00c9CAR<\/a><\/p>\n<p>30\/06\/2023 <a href=\"https:\/\/contratacion.almunecar.es\/wp-content\/uploads\/2023\/06\/PLACSP-DOCUMENTO-DE-PLIEGOS-SEGURO-DE-RESPONSABILIDAD-CIVIL-AYTO.-ALMU\u00d1\u00c9CAR.pdf\">PLACSP &#8211; DOCUMENTO DE PLIEGOS SEGURO DE RESPONSABILIDAD CIVIL AYTO. ALMU\u00d1\u00c9CAR<\/a><\/p>\n<p>Para m\u00e1s informaci\u00f3n y presentaci\u00f3n de Ofertas: <a href=\"https:\/\/contrataciondelestado.es\/wps\/poc?uri=deeplink%3Adetalle_licitacion&amp;idEvl=Du%2B7qZ6H%2B2cZDGvgaZEVxQ%3D%3D\">click aqu\u00ed<\/a><\/p>\n<p>17\/07\/2023 <a href=\"https:\/\/contratacion.almunecar.es\/wp-content\/uploads\/2023\/06\/CITACION-MESA-DE-CONTRATACION-2023-07-19-2.pdf\">CITACION MESA DE CONTRATACION 2023-07-19<\/a><\/p>\n<p>28\/07\/2023 <a href=\"https:\/\/contratacion.almunecar.es\/wp-content\/uploads\/2023\/06\/ACTA-MESA-DE-CONTRATACION-2023-07-19-1.pdf\">ACTA MESA DE CONTRATACION 2023-07-19<\/a><\/p>\n<p>01\/08\/2023 <a href=\"https:\/\/contratacion.almunecar.es\/wp-content\/uploads\/2023\/06\/RA-DECLARACION-DESIERTO.pdf\">RA DECLARACION DESIERTO<\/a><\/p>\n<p>&nbsp;<\/p>\n<p>&nbsp;<\/p>\n","protected":false},"excerpt":{"rendered":"<p>30\/06\/2023 INFORME DE NECESIDAD Y NO DIVISION EN LOTES 30\/06\/2023 MEMORIA JUSTIFICATIVA SEGURO DE RESPONSABILIDAD CIVIL 30\/06\/2023 CERTIFICACION DE GOBIERNO APROB E INICIACION DE EXPTE 30\/06\/2023 PPTP SEGURO DE RESPONSABILIDAD CIVIL 30\/06\/2023 PCAP SEGURO DE RESPONSABILIDAD CIVIL 30\/06\/2023 PLACSP &#8211; ANUNCIO DE LICITACI\u00d3N SEGURO DE RESPONSABILIDAD CIVIL AYTO. ALMU\u00d1\u00c9CAR 30\/06\/2023 PLACSP &#8211; DOCUMENTO DE PLIEGOS&hellip; <br \/> <a class=\"button small blue\" href=\"https:\/\/contratacion.almunecar.es\/?p=6161\">Leer m\u00e1s<\/a><\/p>\n","protected":false},"author":5,"featured_media":0,"comment_status":"closed","ping_status":"closed","sticky":false,"template":"","format":"standard","meta":{"_acf_changed":false,"footnotes":""},"categories":[3,11,14,4],"tags":[],"class_list":["post-6161","post","type-post","status-publish","format-standard","hentry","category-anuncio","category-declaracion-desierto","category-desierto","category-licitacion"],"acf":[],"_links":{"self":[{"href":"https:\/\/contratacion.almunecar.es\/index.php?rest_route=\/wp\/v2\/posts\/6161","targetHints":{"allow":["GET"]}}],"collection":[{"href":"https:\/\/contratacion.almunecar.es\/index.php?rest_route=\/wp\/v2\/posts"}],"about":[{"href":"https:\/\/contratacion.almunecar.es\/index.php?rest_route=\/wp\/v2\/types\/post"}],"author":[{"embeddable":true,"href":"https:\/\/contratacion.almunecar.es\/index.php?rest_route=\/wp\/v2\/users\/5"}],"replies":[{"embeddable":true,"href":"https:\/\/contratacion.almunecar.es\/index.php?rest_route=%2Fwp%2Fv2%2Fcomments&post=6161"}],"version-history":[{"count":6,"href":"https:\/\/contratacion.almunecar.es\/index.php?rest_route=\/wp\/v2\/posts\/6161\/revisions"}],"predecessor-version":[{"id":6293,"href":"https:\/\/contratacion.almunecar.es\/index.php?rest_route=\/wp\/v2\/posts\/6161\/revisions\/6293"}],"wp:attachment":[{"href":"https:\/\/contratacion.almunecar.es\/index.php?rest_route=%2Fwp%2Fv2%2Fmedia&parent=6161"}],"wp:term":[{"taxonomy":"category","embeddable":true,"href":"https:\/\/contratacion.almunecar.es\/index.php?rest_route=%2Fwp%2Fv2%2Fcategories&post=6161"},{"taxonomy":"post_tag","embeddable":true,"href":"https:\/\/contratacion.almunecar.es\/index.php?rest_route=%2Fwp%2Fv2%2Ftags&post=6161"}],"curies":[{"name":"wp","href":"https:\/\/api.w.org\/{rel}","templated":true}]}}