{"id":6140,"date":"2023-06-28T11:20:08","date_gmt":"2023-06-28T09:20:08","guid":{"rendered":"https:\/\/contratacion.almunecar.es\/?p=6140"},"modified":"2023-08-02T13:13:01","modified_gmt":"2023-08-02T11:13:01","slug":"expte-84-2023-gest-6349-2023-servicio-de-instalacion-y-desmontaje-del-alumbrado-ornamental-para-las-fiestas-de-agosto-2023-de-la-virgen-de-la-antigua-en-almunecar","status":"publish","type":"post","link":"https:\/\/contratacion.almunecar.es\/?p=6140","title":{"rendered":"EXPTE. 84\/2023 (GEST 6349\/2023): SERVICIO DE INSTALACI\u00d3N Y DESMONTAJE DEL ALUMBRADO ORNAMENTAL PARA LAS FIESTAS DE AGOSTO 2023, DE LA VIRGEN DE LA ANTIGUA, EN ALMU\u00d1\u00c9CAR."},"content":{"rendered":"<p>28\/06\/2023 <a href=\"https:\/\/contratacion.almunecar.es\/wp-content\/uploads\/2023\/06\/INFORME-NECESIDAD-ALUMBRADO-FIESTAS-AGOSTO-2023.pdf\">INFORME NECESIDAD ALUMBRADO FIESTAS AGOSTO 2023<\/a><\/p>\n<p>28\/06\/2023 <a href=\"https:\/\/contratacion.almunecar.es\/wp-content\/uploads\/2023\/06\/MEMORIA-JUSTIFICATIVA-1.pdf\">MEMORIA JUSTIFICATIVA<\/a><\/p>\n<p>28\/06\/2023 <a href=\"https:\/\/contratacion.almunecar.es\/wp-content\/uploads\/2023\/06\/PPTP-ALUMBRADO-FIESTAS-AGOSTO-2023.pdf\">PPTP ALUMBRADO FIESTAS AGOSTO 2023<\/a><\/p>\n<p>28\/06\/2023 <a href=\"https:\/\/contratacion.almunecar.es\/wp-content\/uploads\/2023\/06\/PCAP-SERVICIO-ALUMBRADO-AGOSTO-2023.pdf\">PCAP SERVICIO ALUMBRADO AGOSTO 2023<\/a><\/p>\n<p>28\/06\/2023 <a href=\"https:\/\/contratacion.almunecar.es\/wp-content\/uploads\/2023\/06\/RA-APROBACION-E-INICIACION-ALUMBRADO-FIESTAS-AGOSTO-2023.pdf\">RA APROBACION E INICIACION ALUMBRADO FIESTAS AGOSTO 2023<\/a><\/p>\n<p>28\/06\/2023 <a href=\"https:\/\/contratacion.almunecar.es\/wp-content\/uploads\/2023\/06\/PLACSP-ANUNCIO-DE-LICITACI\u00d3N-ALUMBRADO-FIESTAS-2023.pdf\">PLACSP &#8211; ANUNCIO DE LICITACI\u00d3N ALUMBRADO FIESTAS 2023<\/a><\/p>\n<p>28\/06\/2023 <a href=\"https:\/\/contratacion.almunecar.es\/wp-content\/uploads\/2023\/06\/PLACSP-DOCUMENTO-DE-PLIEGOS-ALUMBRADO-FIESTAS-2023.pdf\">PLACSP &#8211; DOCUMENTO DE PLIEGOS ALUMBRADO FIESTAS 2023<\/a><\/p>\n<p>Para m\u00e1s informaci\u00f3n y presentaci\u00f3n de Ofertas: <a href=\"https:\/\/contrataciondelestado.es\/wps\/poc?uri=deeplink%3Adetalle_licitacion&amp;idEvl=cKiAP%2FVUphoaF6cS8TCh%2FA%3D%3D\">click aqu\u00ed<\/a><\/p>\n<p>17\/07\/2023 <a href=\"https:\/\/contratacion.almunecar.es\/wp-content\/uploads\/2023\/06\/CITACION-MESA-DE-CONTRATACION-2023-07-19.pdf\">CITACION MESA DE CONTRATACION 2023-07-19<\/a><\/p>\n<p>20\/07\/2023 <a href=\"https:\/\/contratacion.almunecar.es\/wp-content\/uploads\/2023\/06\/DECRETO-2023-2895-RA-REQUERIMIENTO-DOCUMENTACION-ELECFES-ALUMBRADO-2023.pdf\" target=\"_blank\" rel=\"noopener noreferrer\">REQUERIMIENTO DE DOCUMENTACI\u00d3N<\/a><\/p>\n<p>28\/07\/2023 <a href=\"https:\/\/contratacion.almunecar.es\/wp-content\/uploads\/2023\/06\/ACTA-MESA-DE-CONTRATACION-2023-07-19.pdf\">ACTA MESA DE CONTRATACION 2023-07-19<\/a><\/p>\n<p>02\/08\/2023 <a href=\"https:\/\/contratacion.almunecar.es\/wp-content\/uploads\/2023\/06\/RA-ADJUDICACION-SERVICIO-ALUMBRADO-FIESTAS-PATRONALES-2023.pdf\">RA ADJUDICACION SERVICIO ALUMBRADO FIESTAS PATRONALES 2023<\/a><\/p>\n<p>02\/08\/2023 <a href=\"https:\/\/contratacion.almunecar.es\/wp-content\/uploads\/2023\/06\/PLACSP-ADJUDICACI\u00d3N-ILUMINACI\u00d3N-FIESTAS-AGOSTO-2023.pdf\">PLACSP &#8211; ADJUDICACI\u00d3N ILUMINACI\u00d3N FIESTAS AGOSTO 2023<\/a><\/p>\n<p>&nbsp;<\/p>\n<p>&nbsp;<\/p>\n<p>&nbsp;<\/p>\n","protected":false},"excerpt":{"rendered":"<p>28\/06\/2023 INFORME NECESIDAD ALUMBRADO FIESTAS AGOSTO 2023 28\/06\/2023 MEMORIA JUSTIFICATIVA 28\/06\/2023 PPTP ALUMBRADO FIESTAS AGOSTO 2023 28\/06\/2023 PCAP SERVICIO ALUMBRADO AGOSTO 2023 28\/06\/2023 RA APROBACION E INICIACION ALUMBRADO FIESTAS AGOSTO 2023 28\/06\/2023 PLACSP &#8211; ANUNCIO DE LICITACI\u00d3N ALUMBRADO FIESTAS 2023 28\/06\/2023 PLACSP &#8211; DOCUMENTO DE PLIEGOS ALUMBRADO FIESTAS 2023 Para m\u00e1s informaci\u00f3n y presentaci\u00f3n de&hellip; <br \/> <a class=\"button small blue\" href=\"https:\/\/contratacion.almunecar.es\/?p=6140\">Leer m\u00e1s<\/a><\/p>\n","protected":false},"author":5,"featured_media":0,"comment_status":"closed","ping_status":"closed","sticky":false,"template":"","format":"standard","meta":{"_acf_changed":false,"footnotes":""},"categories":[5,3,4],"tags":[],"class_list":["post-6140","post","type-post","status-publish","format-standard","hentry","category-adjudicacion_final","category-anuncio","category-licitacion"],"acf":[],"_links":{"self":[{"href":"https:\/\/contratacion.almunecar.es\/index.php?rest_route=\/wp\/v2\/posts\/6140","targetHints":{"allow":["GET"]}}],"collection":[{"href":"https:\/\/contratacion.almunecar.es\/index.php?rest_route=\/wp\/v2\/posts"}],"about":[{"href":"https:\/\/contratacion.almunecar.es\/index.php?rest_route=\/wp\/v2\/types\/post"}],"author":[{"embeddable":true,"href":"https:\/\/contratacion.almunecar.es\/index.php?rest_route=\/wp\/v2\/users\/5"}],"replies":[{"embeddable":true,"href":"https:\/\/contratacion.almunecar.es\/index.php?rest_route=%2Fwp%2Fv2%2Fcomments&post=6140"}],"version-history":[{"count":7,"href":"https:\/\/contratacion.almunecar.es\/index.php?rest_route=\/wp\/v2\/posts\/6140\/revisions"}],"predecessor-version":[{"id":6309,"href":"https:\/\/contratacion.almunecar.es\/index.php?rest_route=\/wp\/v2\/posts\/6140\/revisions\/6309"}],"wp:attachment":[{"href":"https:\/\/contratacion.almunecar.es\/index.php?rest_route=%2Fwp%2Fv2%2Fmedia&parent=6140"}],"wp:term":[{"taxonomy":"category","embeddable":true,"href":"https:\/\/contratacion.almunecar.es\/index.php?rest_route=%2Fwp%2Fv2%2Fcategories&post=6140"},{"taxonomy":"post_tag","embeddable":true,"href":"https:\/\/contratacion.almunecar.es\/index.php?rest_route=%2Fwp%2Fv2%2Ftags&post=6140"}],"curies":[{"name":"wp","href":"https:\/\/api.w.org\/{rel}","templated":true}]}}