{"id":5961,"date":"2023-05-02T14:30:25","date_gmt":"2023-05-02T12:30:25","guid":{"rendered":"https:\/\/contratacion.almunecar.es\/?p=5961"},"modified":"2023-05-02T14:30:25","modified_gmt":"2023-05-02T12:30:25","slug":"expte-64-2023-4756-2023-obras-en-base-a-la-memoria-valorada-reparaciones-y-hormigonado-en-camino-zahonado-y-ramales-en-el-termino-municipal-de-almunecar","status":"publish","type":"post","link":"https:\/\/contratacion.almunecar.es\/?p=5961","title":{"rendered":"EXPTE. 64\/2023 (4756\/2023): OBRAS EN BASE A LA MEMORIA VALORADA \u00abREPARACIONES Y HORMIGONADO EN CAMINO ZAHONADO Y RAMALES, EN EL T\u00c9RMINO MUNICIPAL DE ALMU\u00d1\u00c9CAR\u00bb."},"content":{"rendered":"<p>02\/05\/2023 <a href=\"https:\/\/contratacion.almunecar.es\/wp-content\/uploads\/2023\/05\/Informe-Necesidad-Obras-Reparaciones-Camino-Zahonado-y-ramales.pdf\">Informe Necesidad Obras Reparaciones Camino Zahonado y ramales<\/a><\/p>\n<p>02\/05\/2023 <a href=\"https:\/\/contratacion.almunecar.es\/wp-content\/uploads\/2023\/05\/MEMORIA-VALORADA.-CAMINO-ZAHONADO.pdf\">MEMORIA VALORADA. CAMINO ZAHONADO<\/a><\/p>\n<p>02\/05\/2023 <a href=\"https:\/\/contratacion.almunecar.es\/wp-content\/uploads\/2023\/05\/MODELO-OFERTA-ECON\u00d3MICA-OBRAS-C.-MENOR.doc\">MODELO OFERTA ECON\u00d3MICA OBRAS C. MENOR<\/a><\/p>\n<p>&nbsp;<\/p>\n","protected":false},"excerpt":{"rendered":"<p>02\/05\/2023 Informe Necesidad Obras Reparaciones Camino Zahonado y ramales 02\/05\/2023 MEMORIA VALORADA. CAMINO ZAHONADO 02\/05\/2023 MODELO OFERTA ECON\u00d3MICA OBRAS C. MENOR &nbsp;<\/p>\n","protected":false},"author":5,"featured_media":0,"comment_status":"closed","ping_status":"closed","sticky":false,"template":"","format":"standard","meta":{"_acf_changed":false,"footnotes":""},"categories":[3,10],"tags":[],"class_list":["post-5961","post","type-post","status-publish","format-standard","hentry","category-anuncio","category-menores"],"acf":[],"_links":{"self":[{"href":"https:\/\/contratacion.almunecar.es\/index.php?rest_route=\/wp\/v2\/posts\/5961","targetHints":{"allow":["GET"]}}],"collection":[{"href":"https:\/\/contratacion.almunecar.es\/index.php?rest_route=\/wp\/v2\/posts"}],"about":[{"href":"https:\/\/contratacion.almunecar.es\/index.php?rest_route=\/wp\/v2\/types\/post"}],"author":[{"embeddable":true,"href":"https:\/\/contratacion.almunecar.es\/index.php?rest_route=\/wp\/v2\/users\/5"}],"replies":[{"embeddable":true,"href":"https:\/\/contratacion.almunecar.es\/index.php?rest_route=%2Fwp%2Fv2%2Fcomments&post=5961"}],"version-history":[{"count":2,"href":"https:\/\/contratacion.almunecar.es\/index.php?rest_route=\/wp\/v2\/posts\/5961\/revisions"}],"predecessor-version":[{"id":5966,"href":"https:\/\/contratacion.almunecar.es\/index.php?rest_route=\/wp\/v2\/posts\/5961\/revisions\/5966"}],"wp:attachment":[{"href":"https:\/\/contratacion.almunecar.es\/index.php?rest_route=%2Fwp%2Fv2%2Fmedia&parent=5961"}],"wp:term":[{"taxonomy":"category","embeddable":true,"href":"https:\/\/contratacion.almunecar.es\/index.php?rest_route=%2Fwp%2Fv2%2Fcategories&post=5961"},{"taxonomy":"post_tag","embeddable":true,"href":"https:\/\/contratacion.almunecar.es\/index.php?rest_route=%2Fwp%2Fv2%2Ftags&post=5961"}],"curies":[{"name":"wp","href":"https:\/\/api.w.org\/{rel}","templated":true}]}}