{"id":5761,"date":"2023-03-02T13:13:29","date_gmt":"2023-03-02T11:13:29","guid":{"rendered":"https:\/\/contratacion.almunecar.es\/?p=5761"},"modified":"2023-06-22T11:18:41","modified_gmt":"2023-06-22T09:18:41","slug":"expte-35-2023-gest-1936-2023-obras-de-reurbanizacion-calle-galeon-en-la-herradura","status":"publish","type":"post","link":"https:\/\/contratacion.almunecar.es\/?p=5761","title":{"rendered":"Expte. 35\/2023 Gest. 1936\/2023 OBRAS DE REURBANIZACI\u00d3N CALLE GALE\u00d3N EN LA HERRADURA (ALMU\u00d1\u00c9CAR). SUBVENCI\u00d3N PARA GASTOS EXTRAORDINARIOS DE INVERSI\u00d3N 2022, DIPUTACI\u00d3N DE GRANADA."},"content":{"rendered":"<p>22\/06\/2023 <a href=\"https:\/\/contratacion.almunecar.es\/wp-content\/uploads\/2023\/03\/INFORME-DE-NECESIDAD-Reurbanizaci\u00f3n-Calle-Gale\u00f3n.pdf\">INFORME DE NECESIDAD Reurbanizaci\u00f3n Calle Gale\u00f3n<\/a><\/p>\n<p>22\/06\/2023 <a href=\"https:\/\/contratacion.almunecar.es\/wp-content\/uploads\/2023\/03\/PROYECTO-DE-REURBANIZACI\u00d3N-CALLE-GALE\u00d3N-2.pdf\">PROYECTO DE REURBANIZACI\u00d3N CALLE GALE\u00d3N<\/a><\/p>\n<p>22\/06\/2023 <a href=\"https:\/\/contratacion.almunecar.es\/wp-content\/uploads\/2023\/03\/MODELO-OFERTA-ECON\u00d3MICA-OBRAS-C.-MENOR-1.doc\">MODELO OFERTA ECON\u00d3MICA OBRAS C. MENOR<\/a><\/p>\n<p>&nbsp;<\/p>\n<p>&nbsp;<\/p>\n","protected":false},"excerpt":{"rendered":"<p>22\/06\/2023 INFORME DE NECESIDAD Reurbanizaci\u00f3n Calle Gale\u00f3n 22\/06\/2023 PROYECTO DE REURBANIZACI\u00d3N CALLE GALE\u00d3N 22\/06\/2023 MODELO OFERTA ECON\u00d3MICA OBRAS C. MENOR &nbsp; &nbsp;<\/p>\n","protected":false},"author":5,"featured_media":0,"comment_status":"closed","ping_status":"closed","sticky":false,"template":"","format":"standard","meta":{"_acf_changed":false,"footnotes":""},"categories":[3,10,4],"tags":[],"class_list":["post-5761","post","type-post","status-publish","format-standard","hentry","category-anuncio","category-menores","category-licitacion"],"acf":[],"_links":{"self":[{"href":"https:\/\/contratacion.almunecar.es\/index.php?rest_route=\/wp\/v2\/posts\/5761","targetHints":{"allow":["GET"]}}],"collection":[{"href":"https:\/\/contratacion.almunecar.es\/index.php?rest_route=\/wp\/v2\/posts"}],"about":[{"href":"https:\/\/contratacion.almunecar.es\/index.php?rest_route=\/wp\/v2\/types\/post"}],"author":[{"embeddable":true,"href":"https:\/\/contratacion.almunecar.es\/index.php?rest_route=\/wp\/v2\/users\/5"}],"replies":[{"embeddable":true,"href":"https:\/\/contratacion.almunecar.es\/index.php?rest_route=%2Fwp%2Fv2%2Fcomments&post=5761"}],"version-history":[{"count":5,"href":"https:\/\/contratacion.almunecar.es\/index.php?rest_route=\/wp\/v2\/posts\/5761\/revisions"}],"predecessor-version":[{"id":6122,"href":"https:\/\/contratacion.almunecar.es\/index.php?rest_route=\/wp\/v2\/posts\/5761\/revisions\/6122"}],"wp:attachment":[{"href":"https:\/\/contratacion.almunecar.es\/index.php?rest_route=%2Fwp%2Fv2%2Fmedia&parent=5761"}],"wp:term":[{"taxonomy":"category","embeddable":true,"href":"https:\/\/contratacion.almunecar.es\/index.php?rest_route=%2Fwp%2Fv2%2Fcategories&post=5761"},{"taxonomy":"post_tag","embeddable":true,"href":"https:\/\/contratacion.almunecar.es\/index.php?rest_route=%2Fwp%2Fv2%2Ftags&post=5761"}],"curies":[{"name":"wp","href":"https:\/\/api.w.org\/{rel}","templated":true}]}}