{"id":5744,"date":"2023-02-23T15:25:06","date_gmt":"2023-02-23T13:25:06","guid":{"rendered":"https:\/\/contratacion.almunecar.es\/?p=5744"},"modified":"2023-06-06T13:34:05","modified_gmt":"2023-06-06T11:34:05","slug":"expte-56d-2022-gest-4129-2022-concesion-administrativa-demanial-uso-privativo-para-la-explotacion-del-espacio-2-de-restauracion-en-el-mercado-municipal-de-la-herradura","status":"publish","type":"post","link":"https:\/\/contratacion.almunecar.es\/?p=5744","title":{"rendered":"EXPTE. 56D\/2022 (GEST 4129\/2022): CONCESION ADMINISTRATIVA DEMANIAL (USO PRIVATIVO) PARA LA EXPLOTACI\u00d3N DEL ESPACIO 2 DE RESTAURACI\u00d3N EN EL MERCADO MUNICIPAL DE LA HERRADURA"},"content":{"rendered":"<p>23\/02\/2023 <a href=\"https:\/\/contratacion.almunecar.es\/wp-content\/uploads\/2023\/02\/INFORME-NECESIDAD-ESPACIOS-RESTAURACION-MERCADO-LA-HERRADURA.pdf\" target=\"_blank\" rel=\"noopener noreferrer\">INFORME NECESIDAD<\/a><\/p>\n<p>23\/02\/2023 <a href=\"https:\/\/contratacion.almunecar.es\/wp-content\/uploads\/2023\/02\/PCAP-PPT-ESPACIOS-RESTAURACION-MERCADO-LA-HERRADURA.pdf\">PCAP PPT ESPACIOS RESTAURACION MERCADO LA HERRADURA<\/a><\/p>\n<p>23\/02\/2023 <a href=\"https:\/\/contratacion.almunecar.es\/wp-content\/uploads\/2023\/02\/CERTIFICACI\u00d3N-DE-GOBIERNO-APROBACI\u00d3N-E-INICIACI\u00d3N-DE-EXPTE-1.pdf\">CERTIFICACI\u00d3N DE GOBIERNO APROBACI\u00d3N E INICIACI\u00d3N DE EXPTE<\/a><\/p>\n<p>23\/02\/2023 <a href=\"https:\/\/contratacion.almunecar.es\/wp-content\/uploads\/2023\/02\/PLACSP-\u2013-ANUNCIO-DE-LICITACI\u00d3N-PUESTO-2-MERCADO-LA-HERRADURA.pdf\">PLACSP \u2013 ANUNCIO DE LICITACI\u00d3N PUESTO 2 MERCADO LA HERRADURA<\/a><\/p>\n<p>23\/02\/2023 <a href=\"https:\/\/contratacion.almunecar.es\/wp-content\/uploads\/2023\/02\/PLACSP-\u2013-DOCUMENTO-DE-PLIEGOS-PUESTO-2-MERCADO-LA-HERRADURA.pdf\">PLACSP \u2013 DOCUMENTO DE PLIEGOS PUESTO 2 MERCADO LA HERRADURA<\/a><\/p>\n<p>23\/02\/2023\u00a0<a href=\"https:\/\/contratacion.almunecar.es\/wp-content\/uploads\/2023\/02\/PASOS-PARA-GENERAR-EL-DEUC-3.pdf\">PASOS PARA GENERAR EL DEUC<\/a><\/p>\n<p>Para m\u00e1s informaci\u00f3n y presentaci\u00f3n de Ofertas:\u00a0<a href=\"https:\/\/contrataciondelestado.es\/wps\/poc?uri=deeplink:detalle_licitacion&amp;idEvl=RSAvP5ROcCcBPRBxZ4nJ%2Fg%3D%3D\">click aqu\u00ed<\/a><\/p>\n<p>27\/03\/2023 <a href=\"https:\/\/contratacion.almunecar.es\/wp-content\/uploads\/2023\/02\/CITACION-MESA-DE-CONTRATACION-2023-03-30.pdf\">CITACION MESA DE CONTRATACION 2023-03-30<\/a><\/p>\n<p>14\/04\/2023 <a href=\"https:\/\/contratacion.almunecar.es\/wp-content\/uploads\/2023\/02\/ACTA-MESA-DE-CONTRATACION-2022-03-30.pdf\">ACTA MESA DE CONTRATACION 2022-03-30<\/a><\/p>\n<p>23\/05\/2023 <a href=\"https:\/\/contratacion.almunecar.es\/wp-content\/uploads\/2023\/02\/AJGL-ADJUDICACION-ESPACIO-2-RESTAUR-MERCADO-LH.pdf\">AJGL ADJUDICACION ESPACIO 2 RESTAUR MERCADO LH<\/a><\/p>\n<p>23\/05\/2023 <a href=\"https:\/\/contratacion.almunecar.es\/wp-content\/uploads\/2023\/02\/PLACSP-ADJUDICACION-ESPACIO-RESTAUR-2-MERCADO-LA-HERRADURA.pdf\">PLACSP &#8211; ADJUDICACION ESPACIO RESTAUR 2 MERCADO LA HERRADURA<\/a><\/p>\n<p>06\/06\/2023 <a href=\"https:\/\/contratacion.almunecar.es\/wp-content\/uploads\/2023\/02\/PLACSP-ANUNCIO-DE-FORMALIZACI\u00d3N-ESPACIO-2-MERCADO-LA-HERRADURA.pdf\">PLACSP &#8211; ANUNCIO DE FORMALIZACI\u00d3N ESPACIO 2 MERCADO LA HERRADURA<\/a><\/p>\n<p>&nbsp;<\/p>\n<p>&nbsp;<\/p>\n<p>&nbsp;<\/p>\n<p>&nbsp;<\/p>\n","protected":false},"excerpt":{"rendered":"<p>23\/02\/2023 INFORME NECESIDAD 23\/02\/2023 PCAP PPT ESPACIOS RESTAURACION MERCADO LA HERRADURA 23\/02\/2023 CERTIFICACI\u00d3N DE GOBIERNO APROBACI\u00d3N E INICIACI\u00d3N DE EXPTE 23\/02\/2023 PLACSP \u2013 ANUNCIO DE LICITACI\u00d3N PUESTO 2 MERCADO LA HERRADURA 23\/02\/2023 PLACSP \u2013 DOCUMENTO DE PLIEGOS PUESTO 2 MERCADO LA HERRADURA 23\/02\/2023\u00a0PASOS PARA GENERAR EL DEUC Para m\u00e1s informaci\u00f3n y presentaci\u00f3n de Ofertas:\u00a0click aqu\u00ed&hellip; <br \/> <a class=\"button small blue\" href=\"https:\/\/contratacion.almunecar.es\/?p=5744\">Leer m\u00e1s<\/a><\/p>\n","protected":false},"author":1,"featured_media":0,"comment_status":"closed","ping_status":"closed","sticky":false,"template":"","format":"standard","meta":{"_acf_changed":false,"footnotes":""},"categories":[5,3,7,12,4],"tags":[],"class_list":["post-5744","post","type-post","status-publish","format-standard","hentry","category-adjudicacion_final","category-anuncio","category-formalizacion","category-formalizacion-de-contrato","category-licitacion"],"acf":[],"_links":{"self":[{"href":"https:\/\/contratacion.almunecar.es\/index.php?rest_route=\/wp\/v2\/posts\/5744","targetHints":{"allow":["GET"]}}],"collection":[{"href":"https:\/\/contratacion.almunecar.es\/index.php?rest_route=\/wp\/v2\/posts"}],"about":[{"href":"https:\/\/contratacion.almunecar.es\/index.php?rest_route=\/wp\/v2\/types\/post"}],"author":[{"embeddable":true,"href":"https:\/\/contratacion.almunecar.es\/index.php?rest_route=\/wp\/v2\/users\/1"}],"replies":[{"embeddable":true,"href":"https:\/\/contratacion.almunecar.es\/index.php?rest_route=%2Fwp%2Fv2%2Fcomments&post=5744"}],"version-history":[{"count":6,"href":"https:\/\/contratacion.almunecar.es\/index.php?rest_route=\/wp\/v2\/posts\/5744\/revisions"}],"predecessor-version":[{"id":6086,"href":"https:\/\/contratacion.almunecar.es\/index.php?rest_route=\/wp\/v2\/posts\/5744\/revisions\/6086"}],"wp:attachment":[{"href":"https:\/\/contratacion.almunecar.es\/index.php?rest_route=%2Fwp%2Fv2%2Fmedia&parent=5744"}],"wp:term":[{"taxonomy":"category","embeddable":true,"href":"https:\/\/contratacion.almunecar.es\/index.php?rest_route=%2Fwp%2Fv2%2Fcategories&post=5744"},{"taxonomy":"post_tag","embeddable":true,"href":"https:\/\/contratacion.almunecar.es\/index.php?rest_route=%2Fwp%2Fv2%2Ftags&post=5744"}],"curies":[{"name":"wp","href":"https:\/\/api.w.org\/{rel}","templated":true}]}}