{"id":5736,"date":"2023-02-23T13:17:51","date_gmt":"2023-02-23T11:17:51","guid":{"rendered":"https:\/\/contratacion.almunecar.es\/?p=5736"},"modified":"2023-09-20T11:11:10","modified_gmt":"2023-09-20T09:11:10","slug":"expte-6-2022-gest-745-2022-concesion-administrativa-demanial-para-la-explotacion-del-quiosco-churreria-en-paseo-del-altillo-almunecar","status":"publish","type":"post","link":"https:\/\/contratacion.almunecar.es\/?p=5736","title":{"rendered":"Expte. 6\/2022 (GEST 745\/2022) Concesi\u00f3n Administrativa DEMANIAL PARA LA EXPLOTACI\u00d3N del Quiosco-Churrer\u00eda en Paseo del Altillo Almu\u00f1\u00e9car"},"content":{"rendered":"<p>23\/02\/2023 <a href=\"https:\/\/contratacion.almunecar.es\/wp-content\/uploads\/2023\/02\/INFORME-NECESIDAD-E-IDONEIDAD.pdf\">INFORME NECESIDAD E IDONEIDAD<\/a><\/p>\n<p>23\/02\/2023 <a href=\"https:\/\/contratacion.almunecar.es\/wp-content\/uploads\/2023\/02\/PACP-Y-PPTP-CONCESION-QUIOSCO-CHURRERIA-EL-ALTILLO.pdf\">PACP Y PPTP CONCESION QUIOSCO CHURRERIA EL ALTILLO<\/a><\/p>\n<p>23\/02\/2023 <a href=\"https:\/\/contratacion.almunecar.es\/wp-content\/uploads\/2023\/02\/CANON-KIOSCO-CHURRERIA-EL-ALTILLO.pdf\">CANON KIOSCO CHURRERIA EL ALTILLO<\/a><\/p>\n<p>23\/02\/2023 <a href=\"https:\/\/contratacion.almunecar.es\/wp-content\/uploads\/2023\/02\/CERTIFICACI\u00d3N-DE-GOBIERNO-APROBACI\u00d3N-E-INICIACI\u00d3N-DE-EXPTE.pdf\">CERTIFICACI\u00d3N DE GOBIERNO APROBACI\u00d3N E INICIACI\u00d3N DE EXPTE<\/a><\/p>\n<p>23\/02\/2023 <a href=\"https:\/\/contratacion.almunecar.es\/wp-content\/uploads\/2023\/02\/PLACSP-\u2013-ANUNCIO-DE-LICITACI\u00d3N-QUIOSCO-CHURRERIA-EL-ALTILLO.pdf\">PLACSP \u2013 ANUNCIO DE LICITACI\u00d3N QUIOSCO CHURRERIA EL ALTILLO<\/a><\/p>\n<p>23\/02\/2023 <a href=\"https:\/\/contratacion.almunecar.es\/wp-content\/uploads\/2023\/02\/PLACSP-\u2013-DOCUMENTO-DE-PLIEGOS-QUIOSCO-CHURRERIA-EL-ALTILLO.pdf\">PLACSP \u2013 DOCUMENTO DE PLIEGOS QUIOSCO CHURRERIA EL ALTILLO<\/a><\/p>\n<p>23\/02\/2023 <a href=\"https:\/\/contratacion.almunecar.es\/wp-content\/uploads\/2023\/02\/PASOS-PARA-GENERAR-EL-DEUC-3.pdf\">PASOS PARA GENERAR EL DEUC<\/a><\/p>\n<p>Para m\u00e1s informaci\u00f3n y presentaci\u00f3n de Ofertas:\u00a0<a href=\"https:\/\/contrataciondelestado.es\/wps\/poc?uri=deeplink:detalle_licitacion&amp;idEvl=j2tpWWfDKf2rz3GQd5r6SQ%3D%3D\">click aqu\u00ed<\/a><\/p>\n<p>17\/07\/2023 <a href=\"https:\/\/contratacion.almunecar.es\/wp-content\/uploads\/2023\/02\/CITACION-MESA-DE-CONTRATACION-2023-07-19.pdf\">CITACION MESA DE CONTRATACION 2023-07-19<\/a><\/p>\n<p>28\/07\/2023 <a href=\"https:\/\/contratacion.almunecar.es\/wp-content\/uploads\/2023\/06\/ACTA-MESA-DE-CONTRATACION-2023-07-19-1.pdf\">ACTA MESA DE CONTRATACION 2023-07-19<\/a><\/p>\n<p>24\/08\/2023 <a href=\"https:\/\/contratacion.almunecar.es\/wp-content\/uploads\/2023\/02\/RA-REQUER-DOCUMENTACION-EMILIA-CENTURION-MARTIN.pdf\">RA REQUER DOCUMENTACION EMILIA CENTURION MARTIN<\/a><\/p>\n<p>24\/08\/2023 <a href=\"https:\/\/contratacion.almunecar.es\/wp-content\/uploads\/2023\/02\/PLACSP-REQUERIMIENTO-DE-DOC-EMILIA-CENTURION-MARTIN.pdf\">PLACSP &#8211; REQUERIMIENTO DE DOC EMILIA CENTURION MARTIN<\/a><\/p>\n<p>06\/09\/2023 <a href=\"https:\/\/contratacion.almunecar.es\/wp-content\/uploads\/2023\/02\/RA-ADJUDICACION-QUISOCO-ALTILLO-EMILIA-CENTURION-MARTIN.pdf\">RA ADJUDICACION QUISOCO ALTILLO EMILIA CENTURION MARTIN<\/a><\/p>\n<p>06\/09\/2023 <a href=\"https:\/\/contratacion.almunecar.es\/wp-content\/uploads\/2023\/02\/PLACSP-ADJUDICACION-QUISOCO-ALTILLO-EMILIA-CENTURION-MARTIN.pdf\">PLACSP &#8211; ADJUDICACION QUISOCO ALTILLO EMILIA CENTURION MARTIN<\/a><\/p>\n<p>20\/09\/2023 <a href=\"https:\/\/contratacion.almunecar.es\/wp-content\/uploads\/2023\/02\/PLACSP-FORMALIZACI\u00d3N-CONTRATO-QUIOSCO-PASEO-ALTILLO.pdf\">PLACSP &#8211; FORMALIZACI\u00d3N CONTRATO QUIOSCO PASEO ALTILLO<\/a><\/p>\n<p>&nbsp;<\/p>\n<p>&nbsp;<\/p>\n<p>&nbsp;<\/p>\n","protected":false},"excerpt":{"rendered":"<p>23\/02\/2023 INFORME NECESIDAD E IDONEIDAD 23\/02\/2023 PACP Y PPTP CONCESION QUIOSCO CHURRERIA EL ALTILLO 23\/02\/2023 CANON KIOSCO CHURRERIA EL ALTILLO 23\/02\/2023 CERTIFICACI\u00d3N DE GOBIERNO APROBACI\u00d3N E INICIACI\u00d3N DE EXPTE 23\/02\/2023 PLACSP \u2013 ANUNCIO DE LICITACI\u00d3N QUIOSCO CHURRERIA EL ALTILLO 23\/02\/2023 PLACSP \u2013 DOCUMENTO DE PLIEGOS QUIOSCO CHURRERIA EL ALTILLO 23\/02\/2023 PASOS PARA GENERAR EL DEUC&hellip; <br \/> <a class=\"button small blue\" href=\"https:\/\/contratacion.almunecar.es\/?p=5736\">Leer m\u00e1s<\/a><\/p>\n","protected":false},"author":1,"featured_media":0,"comment_status":"closed","ping_status":"closed","sticky":false,"template":"","format":"standard","meta":{"_acf_changed":false,"footnotes":""},"categories":[5,3,7,4],"tags":[],"class_list":["post-5736","post","type-post","status-publish","format-standard","hentry","category-adjudicacion_final","category-anuncio","category-formalizacion","category-licitacion"],"acf":[],"_links":{"self":[{"href":"https:\/\/contratacion.almunecar.es\/index.php?rest_route=\/wp\/v2\/posts\/5736","targetHints":{"allow":["GET"]}}],"collection":[{"href":"https:\/\/contratacion.almunecar.es\/index.php?rest_route=\/wp\/v2\/posts"}],"about":[{"href":"https:\/\/contratacion.almunecar.es\/index.php?rest_route=\/wp\/v2\/types\/post"}],"author":[{"embeddable":true,"href":"https:\/\/contratacion.almunecar.es\/index.php?rest_route=\/wp\/v2\/users\/1"}],"replies":[{"embeddable":true,"href":"https:\/\/contratacion.almunecar.es\/index.php?rest_route=%2Fwp%2Fv2%2Fcomments&post=5736"}],"version-history":[{"count":7,"href":"https:\/\/contratacion.almunecar.es\/index.php?rest_route=\/wp\/v2\/posts\/5736\/revisions"}],"predecessor-version":[{"id":6604,"href":"https:\/\/contratacion.almunecar.es\/index.php?rest_route=\/wp\/v2\/posts\/5736\/revisions\/6604"}],"wp:attachment":[{"href":"https:\/\/contratacion.almunecar.es\/index.php?rest_route=%2Fwp%2Fv2%2Fmedia&parent=5736"}],"wp:term":[{"taxonomy":"category","embeddable":true,"href":"https:\/\/contratacion.almunecar.es\/index.php?rest_route=%2Fwp%2Fv2%2Fcategories&post=5736"},{"taxonomy":"post_tag","embeddable":true,"href":"https:\/\/contratacion.almunecar.es\/index.php?rest_route=%2Fwp%2Fv2%2Ftags&post=5736"}],"curies":[{"name":"wp","href":"https:\/\/api.w.org\/{rel}","templated":true}]}}