{"id":5716,"date":"2023-02-15T15:20:44","date_gmt":"2023-02-15T13:20:44","guid":{"rendered":"https:\/\/contratacion.almunecar.es\/?p=5716"},"modified":"2023-09-25T08:45:25","modified_gmt":"2023-09-25T06:45:25","slug":"expte-8-2022-gest-748-2022-concesion-administrativa-demanial-para-la-explotacion-del-cafe-bar-la-sandovala-ubicado-en-el-pabellon-de-deportes-en-la-avenida-amelia-sanchez-de-alcazar-en-almuneca","status":"publish","type":"post","link":"https:\/\/contratacion.almunecar.es\/?p=5716","title":{"rendered":"EXPTE. 8\/2022 (GEST 748\/2022): CONCESI\u00d3N ADMINISTRATIVA DEMANIAL PARA LA EXPLOTACI\u00d3N DEL CAF\u00c9-BAR LA SANDOVALA, UBICADO EN EL PABELL\u00d3N DE DEPORTES, EN LA AVENIDA AMELIA S\u00c1NCHEZ DE ALC\u00c1ZAR, EN ALMU\u00d1\u00c9CAR."},"content":{"rendered":"<p>15\/02\/2023 <a href=\"https:\/\/contratacion.almunecar.es\/wp-content\/uploads\/2023\/02\/INFORME-NECESIDAD-E-IDONEIDAD-LA-SANDOVALA.pdf\">INFORME NECESIDAD E IDONEIDAD LA SANDOVALA<\/a><\/p>\n<p>15\/02\/2023 <a href=\"https:\/\/contratacion.almunecar.es\/wp-content\/uploads\/2023\/02\/PCAP-Y-PPTP-LA-SANDOVALA.pdf\">PCAP Y PPTP LA SANDOVALA<\/a><\/p>\n<p>15\/02\/2023 <a href=\"https:\/\/contratacion.almunecar.es\/wp-content\/uploads\/2023\/02\/CANON-LA-SANDOVALA.pdf\">CANON LA SANDOVALA<\/a><\/p>\n<p>15\/02\/2023 <a href=\"https:\/\/contratacion.almunecar.es\/wp-content\/uploads\/2023\/02\/CERTIFICACION-DE-GOBIERNO-APROB-E-INICIACION-DE-EXPTE-4.pdf\">CERTIFICACION DE GOBIERNO APROB E INICIACION DE EXPTE<\/a><\/p>\n<p>15\/02\/2023 <a href=\"https:\/\/contratacion.almunecar.es\/wp-content\/uploads\/2023\/02\/PLACSP-ANUNCIO-DE-LICITACI\u00d3N-CONCESI\u00d3N-CAF\u00c9-BAR-LA-SANDOVALA.pdf\">PLACSP &#8211; ANUNCIO DE LICITACI\u00d3N CONCESI\u00d3N CAF\u00c9-BAR LA SANDOVALA<\/a><\/p>\n<p>15\/02\/2023 <a href=\"https:\/\/contratacion.almunecar.es\/wp-content\/uploads\/2023\/02\/PLACSP-DOCUMENTO-DE-PLIEGOS-CONCESI\u00d3N-CAF\u00c9-BAR-LA-SANDOVALA.pdf\">PLACSP &#8211; DOCUMENTO DE PLIEGOS CONCESI\u00d3N CAF\u00c9-BAR LA SANDOVALA<\/a><\/p>\n<p>15\/02\/2023 <a href=\"https:\/\/contratacion.almunecar.es\/wp-content\/uploads\/2023\/02\/PASOS-PARA-GENERAR-EL-DEUC-4.pdf\">PASOS PARA GENERAR EL DEUC<\/a><\/p>\n<p>Para m\u00e1s informaci\u00f3n y presentaci\u00f3n de Ofertas: <a href=\"https:\/\/contrataciondelestado.es\/wps\/poc?uri=deeplink%3Adetalle_licitacion&amp;idEvl=FYkULfQIDlWrz3GQd5r6SQ%3D%3D\">click aqu\u00ed <\/a><\/p>\n<p>03\/08\/2023 <a href=\"https:\/\/contratacion.almunecar.es\/wp-content\/uploads\/2023\/07\/CITACION-MESA-DE-CONTRATACION-2023-08-07.pdf\">CITACION MESA DE CONTRATACION 2023-08-07<\/a><\/p>\n<p>24\/08\/2023 <a href=\"https:\/\/contratacion.almunecar.es\/wp-content\/uploads\/2023\/07\/ACTA-MESA-DE-CONTRATACION-2023-08-07.pdf\">ACTA MESA DE CONTRATACION 2023-08-07<\/a><\/p>\n<p>30\/08\/2023 <a href=\"https:\/\/contratacion.almunecar.es\/wp-content\/uploads\/2023\/02\/RA-REQUER-DOCUMENTACION-CLAUDIA-JASMINA-ANTUNEZ-DE-MELLO.pdf\">RA REQUER DOCUMENTACION &#8211; CLAUDIA JASMINA ANTUNEZ DE MELLO<\/a><\/p>\n<p>30\/08\/2023 <a href=\"https:\/\/contratacion.almunecar.es\/wp-content\/uploads\/2023\/02\/PLACSP-REQUER-DOCUMENTACION-CLAUDIA-JASMINA-ANTUNEZ-DE-MELLO.pdf\">PLACSP &#8211; REQUER DOCUMENTACION &#8211; CLAUDIA JASMINA ANTUNEZ DE MELLO<\/a><\/p>\n<p>15\/09\/2023 <a href=\"https:\/\/contratacion.almunecar.es\/wp-content\/uploads\/2023\/02\/RA-ADJUDICACION-CAFE-BAR-LA-SANDOVALA.pdf\">RA ADJUDICACION CAFE BAR LA SANDOVALA<\/a><\/p>\n<p>15\/09\/2023 <a href=\"https:\/\/contratacion.almunecar.es\/wp-content\/uploads\/2023\/02\/PLACSP-ANUNCIO-ADJUDICACION-CAFE-BAR-LA-SANDOVALA.pdf\">PLACSP &#8211; ANUNCIO ADJUDICACION CAFE BAR LA SANDOVALA<\/a><\/p>\n<p>25\/09\/2023 <a href=\"https:\/\/contratacion.almunecar.es\/wp-content\/uploads\/2023\/02\/PLACSP-FORMALIZACI\u00d3N-CONTRATO-QUIOSCO-LA-SANDOVALA.pdf\">PLACSP &#8211; FORMALIZACI\u00d3N CONTRATO QUIOSCO LA SANDOVALA<\/a><\/p>\n<p>&nbsp;<\/p>\n<p>&nbsp;<\/p>\n<p>&nbsp;<\/p>\n","protected":false},"excerpt":{"rendered":"<p>15\/02\/2023 INFORME NECESIDAD E IDONEIDAD LA SANDOVALA 15\/02\/2023 PCAP Y PPTP LA SANDOVALA 15\/02\/2023 CANON LA SANDOVALA 15\/02\/2023 CERTIFICACION DE GOBIERNO APROB E INICIACION DE EXPTE 15\/02\/2023 PLACSP &#8211; ANUNCIO DE LICITACI\u00d3N CONCESI\u00d3N CAF\u00c9-BAR LA SANDOVALA 15\/02\/2023 PLACSP &#8211; DOCUMENTO DE PLIEGOS CONCESI\u00d3N CAF\u00c9-BAR LA SANDOVALA 15\/02\/2023 PASOS PARA GENERAR EL DEUC Para m\u00e1s informaci\u00f3n&hellip; <br \/> <a class=\"button small blue\" href=\"https:\/\/contratacion.almunecar.es\/?p=5716\">Leer m\u00e1s<\/a><\/p>\n","protected":false},"author":5,"featured_media":0,"comment_status":"closed","ping_status":"closed","sticky":false,"template":"","format":"standard","meta":{"_acf_changed":false,"footnotes":""},"categories":[5,3,7,4],"tags":[],"class_list":["post-5716","post","type-post","status-publish","format-standard","hentry","category-adjudicacion_final","category-anuncio","category-formalizacion","category-licitacion"],"acf":[],"_links":{"self":[{"href":"https:\/\/contratacion.almunecar.es\/index.php?rest_route=\/wp\/v2\/posts\/5716","targetHints":{"allow":["GET"]}}],"collection":[{"href":"https:\/\/contratacion.almunecar.es\/index.php?rest_route=\/wp\/v2\/posts"}],"about":[{"href":"https:\/\/contratacion.almunecar.es\/index.php?rest_route=\/wp\/v2\/types\/post"}],"author":[{"embeddable":true,"href":"https:\/\/contratacion.almunecar.es\/index.php?rest_route=\/wp\/v2\/users\/5"}],"replies":[{"embeddable":true,"href":"https:\/\/contratacion.almunecar.es\/index.php?rest_route=%2Fwp%2Fv2%2Fcomments&post=5716"}],"version-history":[{"count":8,"href":"https:\/\/contratacion.almunecar.es\/index.php?rest_route=\/wp\/v2\/posts\/5716\/revisions"}],"predecessor-version":[{"id":6616,"href":"https:\/\/contratacion.almunecar.es\/index.php?rest_route=\/wp\/v2\/posts\/5716\/revisions\/6616"}],"wp:attachment":[{"href":"https:\/\/contratacion.almunecar.es\/index.php?rest_route=%2Fwp%2Fv2%2Fmedia&parent=5716"}],"wp:term":[{"taxonomy":"category","embeddable":true,"href":"https:\/\/contratacion.almunecar.es\/index.php?rest_route=%2Fwp%2Fv2%2Fcategories&post=5716"},{"taxonomy":"post_tag","embeddable":true,"href":"https:\/\/contratacion.almunecar.es\/index.php?rest_route=%2Fwp%2Fv2%2Ftags&post=5716"}],"curies":[{"name":"wp","href":"https:\/\/api.w.org\/{rel}","templated":true}]}}