{"id":568,"date":"2018-03-06T13:45:19","date_gmt":"2018-03-06T11:45:19","guid":{"rendered":"http:\/\/contratacion.almunecar.es\/?p=568"},"modified":"2018-03-06T13:45:35","modified_gmt":"2018-03-06T11:45:35","slug":"contratacion-de-las-polizas-de-seguros-de-automoviles-para-flota-de-vehiculos-del-ayuntamiento-de-almunecar","status":"publish","type":"post","link":"https:\/\/contratacion.almunecar.es\/?p=568","title":{"rendered":"Contrataci\u00f3n de las P\u00f3lizas de Seguros de Autom\u00f3viles para flota de veh\u00edculos del Ayuntamiento de Almu\u00f1\u00e9car"},"content":{"rendered":"<p><a href=\"http:\/\/contratacion.almunecar.es\/wp-content\/uploads\/2018\/03\/Expte.-205-2017-Anucio-BOP-Contrataci\u00f3n-P\u00f3liza-de-Seguros-de-Autom\u00f3viles..pdf\">Expte. 205-2017 Anucio BOP Contrataci\u00f3n P\u00f3liza de Seguros de Autom\u00f3viles.<\/a><\/p>\n<p><a href=\"http:\/\/contratacion.almunecar.es\/wp-content\/uploads\/2018\/03\/PLIEGO-ADMINISTRATIVO-SEGURO-VEH\u00cdCULOS.pdf\">PLIEGO ADMINISTRATIVO SEGURO VEH\u00cdCULOS<\/a><\/p>\n<p><a href=\"http:\/\/contratacion.almunecar.es\/wp-content\/uploads\/2018\/03\/Pliego-T\u00e9cnico-seguro-de-veh\u00edculos-del-Ayuntamiento.pdf\">Pliego T\u00e9cnico seguro de veh\u00edculos del Ayuntamiento<\/a><\/p>\n","protected":false},"excerpt":{"rendered":"<p>Expte. 205-2017 Anucio BOP Contrataci\u00f3n P\u00f3liza de Seguros de Autom\u00f3viles. PLIEGO ADMINISTRATIVO SEGURO VEH\u00cdCULOS Pliego T\u00e9cnico seguro de veh\u00edculos del Ayuntamiento<\/p>\n","protected":false},"author":2,"featured_media":0,"comment_status":"closed","ping_status":"closed","sticky":false,"template":"","format":"standard","meta":{"_acf_changed":false,"footnotes":""},"categories":[3,4],"tags":[],"class_list":["post-568","post","type-post","status-publish","format-standard","hentry","category-anuncio","category-licitacion"],"acf":[],"_links":{"self":[{"href":"https:\/\/contratacion.almunecar.es\/index.php?rest_route=\/wp\/v2\/posts\/568","targetHints":{"allow":["GET"]}}],"collection":[{"href":"https:\/\/contratacion.almunecar.es\/index.php?rest_route=\/wp\/v2\/posts"}],"about":[{"href":"https:\/\/contratacion.almunecar.es\/index.php?rest_route=\/wp\/v2\/types\/post"}],"author":[{"embeddable":true,"href":"https:\/\/contratacion.almunecar.es\/index.php?rest_route=\/wp\/v2\/users\/2"}],"replies":[{"embeddable":true,"href":"https:\/\/contratacion.almunecar.es\/index.php?rest_route=%2Fwp%2Fv2%2Fcomments&post=568"}],"version-history":[{"count":1,"href":"https:\/\/contratacion.almunecar.es\/index.php?rest_route=\/wp\/v2\/posts\/568\/revisions"}],"predecessor-version":[{"id":572,"href":"https:\/\/contratacion.almunecar.es\/index.php?rest_route=\/wp\/v2\/posts\/568\/revisions\/572"}],"wp:attachment":[{"href":"https:\/\/contratacion.almunecar.es\/index.php?rest_route=%2Fwp%2Fv2%2Fmedia&parent=568"}],"wp:term":[{"taxonomy":"category","embeddable":true,"href":"https:\/\/contratacion.almunecar.es\/index.php?rest_route=%2Fwp%2Fv2%2Fcategories&post=568"},{"taxonomy":"post_tag","embeddable":true,"href":"https:\/\/contratacion.almunecar.es\/index.php?rest_route=%2Fwp%2Fv2%2Ftags&post=568"}],"curies":[{"name":"wp","href":"https:\/\/api.w.org\/{rel}","templated":true}]}}