{"id":5626,"date":"2023-01-30T14:06:17","date_gmt":"2023-01-30T12:06:17","guid":{"rendered":"https:\/\/contratacion.almunecar.es\/?p=5626"},"modified":"2023-04-05T10:05:53","modified_gmt":"2023-04-05T08:05:53","slug":"expte-148-2022-gest-9796-2022-servicio-de-instalacion-y-desmontaje-del-alumbrado-ornamental-de-las-fiestas-patronales-de-san-jose-2023-en-la-herradura-almunecar","status":"publish","type":"post","link":"https:\/\/contratacion.almunecar.es\/?p=5626","title":{"rendered":"EXPTE. 148\/2022 (GEST 9796\/2022): SERVICIO DE INSTALACI\u00d3N Y DESMONTAJE DEL ALUMBRADO ORNAMENTAL DE LAS FIESTAS PATRONALES DE SAN JOS\u00c9 2023 EN LA HERRADURA (ALMU\u00d1\u00c9CAR)."},"content":{"rendered":"<p>30\/01\/2023 <a href=\"https:\/\/contratacion.almunecar.es\/wp-content\/uploads\/2023\/01\/INFORME-DE-NECESIDAD-Y-NO-LOTES-ILUMINACION-SAN-JOSE-2023.pdf\">INFORME DE NECESIDAD Y NO LOTES ILUMINACION SAN JOSE 2023<\/a><\/p>\n<p><span id=\"page3095R_mcid39\" class=\"markedContent\"><span dir=\"ltr\" role=\"presentation\">30\/01\/2023 <a href=\"https:\/\/contratacion.almunecar.es\/wp-content\/uploads\/2023\/01\/PPTP-ALUMBRADO-SAN-JOSE-2023.pdf\">PPTP ALUMBRADO SAN JOSE 2023<\/a><br \/>\n<\/span><\/span><\/p>\n<p>30\/01\/2023 <a href=\"https:\/\/contratacion.almunecar.es\/wp-content\/uploads\/2023\/01\/PCAP-SERVICIO-ALUMBRADO-SAN-JOSE-2023.pdf\">PCAP SERVICIO ALUMBRADO SAN JOSE 2023<\/a><\/p>\n<p>30\/01\/2023 <a href=\"https:\/\/contratacion.almunecar.es\/wp-content\/uploads\/2023\/01\/CERTIFICACION-DE-GOBIERNO-APROBACION-E-INICIACION-DE-EXPTE-1.pdf\">CERTIFICACION DE GOBIERNO APROBACION E INICIACION DE EXPTE<\/a><\/p>\n<p>30\/01\/2023 <a href=\"https:\/\/contratacion.almunecar.es\/wp-content\/uploads\/2023\/01\/PLACSP-ANUNCIO-DE-LICITACI\u00d3N-ALUMBRADO-SAN-JOS\u00c9-2023.pdf\">PLACSP &#8211; ANUNCIO DE LICITACI\u00d3N ALUMBRADO SAN JOS\u00c9 2023<\/a><\/p>\n<p>30\/01\/2023 <a href=\"https:\/\/contratacion.almunecar.es\/wp-content\/uploads\/2023\/01\/PLACSP-DOCUMENTO-DE-PLIEGOS-ALUMBRADO-SAN-JOS\u00c9-2023.pdf\">PLACSP &#8211; DOCUMENTO DE PLIEGOS ALUMBRADO SAN JOS\u00c9 2023<\/a><\/p>\n<p>Para m\u00e1s informaci\u00f3n y presentaci\u00f3n de Ofertas: <a href=\"https:\/\/contrataciondelestado.es\/wps\/poc?uri=deeplink%3Adetalle_licitacion&amp;idEvl=bC%2FWmmOxIr57h85%2Fpmmsfw%3D%3D\">click aqu\u00ed<\/a><\/p>\n<p>15\/02\/2023 <a href=\"https:\/\/contratacion.almunecar.es\/wp-content\/uploads\/2022\/12\/CITACION-MESA-DE-CONTRATACION-2023-02-17.pdf\">CITACION MESA DE CONTRATACION 2023-02-17<\/a><\/p>\n<p>20\/02\/2023 <a href=\"https:\/\/contratacion.almunecar.es\/wp-content\/uploads\/2022\/12\/ACTA-DE-LA-MESA-DE-CONTRATACI\u00d3N-17-02-2023.pdf\">ACTA DE LA MESA DE CONTRATACI\u00d3N 17-02-2023<\/a><\/p>\n<p>05\/04\/2023 <a href=\"https:\/\/contratacion.almunecar.es\/wp-content\/uploads\/2023\/01\/CERTIFICACION-DE-GOBIERNO-ADJUDICACION-ALUMBRADO-FIESTAS-SAN-JOSE-2023-LH.pdf\">CERTIFICACION DE GOBIERNO &#8211; ADJUDICACION ALUMBRADO FIESTAS SAN JOSE 2023 LH<\/a><\/p>\n<p>05\/04\/2023 <a href=\"https:\/\/contratacion.almunecar.es\/wp-content\/uploads\/2023\/01\/PLACSP-ADJUDICACION-ALUMBRADO-FIESTAS-SAN-JOSE-2023-LH.pdf\">PLACSP &#8211; ADJUDICACION ALUMBRADO FIESTAS SAN JOSE 2023 LH<\/a><\/p>\n<p>05\/04\/2023 <a href=\"https:\/\/contratacion.almunecar.es\/wp-content\/uploads\/2023\/01\/PLACSP-FORMALIZACION-ALUMBRADO-FIESTAS-SAN-JOSE-2023-LH.pdf\">PLACSP &#8211; FORMALIZACION ALUMBRADO FIESTAS SAN JOSE 2023 LH<\/a><\/p>\n<p>&nbsp;<\/p>\n<p>&nbsp;<\/p>\n<p>&nbsp;<\/p>\n<p>&nbsp;<\/p>\n","protected":false},"excerpt":{"rendered":"<p>30\/01\/2023 INFORME DE NECESIDAD Y NO LOTES ILUMINACION SAN JOSE 2023 30\/01\/2023 PPTP ALUMBRADO SAN JOSE 2023 30\/01\/2023 PCAP SERVICIO ALUMBRADO SAN JOSE 2023 30\/01\/2023 CERTIFICACION DE GOBIERNO APROBACION E INICIACION DE EXPTE 30\/01\/2023 PLACSP &#8211; ANUNCIO DE LICITACI\u00d3N ALUMBRADO SAN JOS\u00c9 2023 30\/01\/2023 PLACSP &#8211; DOCUMENTO DE PLIEGOS ALUMBRADO SAN JOS\u00c9 2023 Para m\u00e1s&hellip; <br \/> <a class=\"button small blue\" href=\"https:\/\/contratacion.almunecar.es\/?p=5626\">Leer m\u00e1s<\/a><\/p>\n","protected":false},"author":5,"featured_media":0,"comment_status":"closed","ping_status":"closed","sticky":false,"template":"","format":"standard","meta":{"_acf_changed":false,"footnotes":""},"categories":[5,3,7,12,4],"tags":[],"class_list":["post-5626","post","type-post","status-publish","format-standard","hentry","category-adjudicacion_final","category-anuncio","category-formalizacion","category-formalizacion-de-contrato","category-licitacion"],"acf":[],"_links":{"self":[{"href":"https:\/\/contratacion.almunecar.es\/index.php?rest_route=\/wp\/v2\/posts\/5626","targetHints":{"allow":["GET"]}}],"collection":[{"href":"https:\/\/contratacion.almunecar.es\/index.php?rest_route=\/wp\/v2\/posts"}],"about":[{"href":"https:\/\/contratacion.almunecar.es\/index.php?rest_route=\/wp\/v2\/types\/post"}],"author":[{"embeddable":true,"href":"https:\/\/contratacion.almunecar.es\/index.php?rest_route=\/wp\/v2\/users\/5"}],"replies":[{"embeddable":true,"href":"https:\/\/contratacion.almunecar.es\/index.php?rest_route=%2Fwp%2Fv2%2Fcomments&post=5626"}],"version-history":[{"count":7,"href":"https:\/\/contratacion.almunecar.es\/index.php?rest_route=\/wp\/v2\/posts\/5626\/revisions"}],"predecessor-version":[{"id":5877,"href":"https:\/\/contratacion.almunecar.es\/index.php?rest_route=\/wp\/v2\/posts\/5626\/revisions\/5877"}],"wp:attachment":[{"href":"https:\/\/contratacion.almunecar.es\/index.php?rest_route=%2Fwp%2Fv2%2Fmedia&parent=5626"}],"wp:term":[{"taxonomy":"category","embeddable":true,"href":"https:\/\/contratacion.almunecar.es\/index.php?rest_route=%2Fwp%2Fv2%2Fcategories&post=5626"},{"taxonomy":"post_tag","embeddable":true,"href":"https:\/\/contratacion.almunecar.es\/index.php?rest_route=%2Fwp%2Fv2%2Ftags&post=5626"}],"curies":[{"name":"wp","href":"https:\/\/api.w.org\/{rel}","templated":true}]}}